{"id":253393,"date":"2023-10-04T07:32:10","date_gmt":"2023-10-04T11:32:10","guid":{"rendered":"https:\/\/www.ocorreionews.com.br\/acervo-correio\/?p=253393"},"modified":"2023-10-04T07:32:10","modified_gmt":"2023-10-04T11:32:10","slug":"acidente-grave-deixa-9-feridos-no-anel-viario-em-nova-andradina","status":"publish","type":"post","link":"https:\/\/www.ocorreionews.com.br\/acervo-correio\/?p=253393","title":{"rendered":"Acidente grave deixa 9 feridos no anel vi\u00e1rio em Nova Andradina"},"content":{"rendered":"<p>Nove pessoas ficaram feridas, na noite desta ter\u00e7a-feira (3), em um acidente de tr\u00e2nsito no anel vi\u00e1rio Fernando Lima de Vasconcelos, que liga a MS-134 a BR-376, no munic\u00edpio de Nova Andradina, a 298 quil\u00f4metros de Campo Grande.<\/p>\n<p>De acordo com o portal Jornal da Nova, o condutor de uma Fiat Toro teria ultrapassado uma carreta em local proibido e veio a colidir com uma ambul\u00e2ncia que seguia no sentido oposto. Devido ao impacto, a caminhonete e a ambul\u00e2ncia sofreram v\u00e1rias avarias. A carreta saiu fora da pista e o condutor nada sofreu.<\/p>\n<p>Na ambul\u00e2ncia,<\/p>\n<p>al\u00e9m do condutor seguiam mais duas pessoas. Os envolvidos foram encaminhados at\u00e9 o Hospital Regional de Nova Andradina pelo Corpo de Bombeiros Militar. Ainda n\u00e3o h\u00e1 informa\u00e7\u00f5es sobre a identidade e estado de sa\u00fade das v\u00edtimas.<\/p>\n<p>Equipes da PMR (Pol\u00edcia Militar Rodovi\u00e1ria) da base operacional do Vale do Ivinhema realizam dilig\u00eancias no local do acidente. J\u00e1 o trecho ficou fechado por mais de duas horas.<\/p>\n<p>Caminh\u00e3o envolvido no acidente parou no acostamento da rodovia.<\/p>\n<p><img loading=\"lazy\" decoding=\"async\" class=\"alignnone wp-image-253397 size-full\" src=\"https:\/\/www.ocorreionews.com.br\/acervo-correio\/wp-content\/uploads\/2023\/10\/ac.-ambulancia-N.-Andradina.png\" alt=\"\" width=\"640\" height=\"360\" srcset=\"https:\/\/www.ocorreionews.com.br\/acervo-correio\/wp-content\/uploads\/2023\/10\/ac.-ambulancia-N.-Andradina.png 640w, https:\/\/www.ocorreionews.com.br\/acervo-correio\/wp-content\/uploads\/2023\/10\/ac.-ambulancia-N.-Andradina-300x169.png 300w\" sizes=\"auto, (max-width: 640px) 100vw, 640px\" \/> <img loading=\"lazy\" decoding=\"async\" class=\"alignnone wp-image-253398 size-full\" src=\"https:\/\/www.ocorreionews.com.br\/acervo-correio\/wp-content\/uploads\/2023\/10\/ac.-ambulancia-N.-Andradina2.png\" alt=\"\" width=\"640\" height=\"480\" srcset=\"https:\/\/www.ocorreionews.com.br\/acervo-correio\/wp-content\/uploads\/2023\/10\/ac.-ambulancia-N.-Andradina2.png 640w, https:\/\/www.ocorreionews.com.br\/acervo-correio\/wp-content\/uploads\/2023\/10\/ac.-ambulancia-N.-Andradina2-300x225.png 300w, https:\/\/www.ocorreionews.com.br\/acervo-correio\/wp-content\/uploads\/2023\/10\/ac.-ambulancia-N.-Andradina2-86x64.png 86w\" sizes=\"auto, (max-width: 640px) 100vw, 640px\" \/> <img loading=\"lazy\" decoding=\"async\" class=\"alignnone wp-image-253399 \" src=\"https:\/\/www.ocorreionews.com.br\/acervo-correio\/wp-content\/uploads\/2023\/10\/aci-nova.jpeg\" alt=\"\" width=\"641\" height=\"481\" srcset=\"https:\/\/www.ocorreionews.com.br\/acervo-correio\/wp-content\/uploads\/2023\/10\/aci-nova.jpeg 1024w, https:\/\/www.ocorreionews.com.br\/acervo-correio\/wp-content\/uploads\/2023\/10\/aci-nova-300x225.jpeg 300w, https:\/\/www.ocorreionews.com.br\/acervo-correio\/wp-content\/uploads\/2023\/10\/aci-nova-768x576.jpeg 768w, https:\/\/www.ocorreionews.com.br\/acervo-correio\/wp-content\/uploads\/2023\/10\/aci-nova-86x64.jpeg 86w\" sizes=\"auto, (max-width: 641px) 100vw, 641px\" \/> <img loading=\"lazy\" decoding=\"async\" class=\"alignnone wp-image-253400 \" src=\"https:\/\/www.ocorreionews.com.br\/acervo-correio\/wp-content\/uploads\/2023\/10\/aci-nova2.jpeg\" alt=\"\" width=\"648\" height=\"486\" srcset=\"https:\/\/www.ocorreionews.com.br\/acervo-correio\/wp-content\/uploads\/2023\/10\/aci-nova2.jpeg 940w, https:\/\/www.ocorreionews.com.br\/acervo-correio\/wp-content\/uploads\/2023\/10\/aci-nova2-300x225.jpeg 300w, https:\/\/www.ocorreionews.com.br\/acervo-correio\/wp-content\/uploads\/2023\/10\/aci-nova2-768x576.jpeg 768w, https:\/\/www.ocorreionews.com.br\/acervo-correio\/wp-content\/uploads\/2023\/10\/aci-nova2-86x64.jpeg 86w\" sizes=\"auto, (max-width: 648px) 100vw, 648px\" \/> <img loading=\"lazy\" decoding=\"async\" class=\"alignnone wp-image-253402 \" src=\"https:\/\/www.ocorreionews.com.br\/acervo-correio\/wp-content\/uploads\/2023\/10\/aci-nova4.jpeg\" alt=\"\" width=\"656\" height=\"492\" srcset=\"https:\/\/www.ocorreionews.com.br\/acervo-correio\/wp-content\/uploads\/2023\/10\/aci-nova4.jpeg 940w, https:\/\/www.ocorreionews.com.br\/acervo-correio\/wp-content\/uploads\/2023\/10\/aci-nova4-300x225.jpeg 300w, https:\/\/www.ocorreionews.com.br\/acervo-correio\/wp-content\/uploads\/2023\/10\/aci-nova4-768x576.jpeg 768w, https:\/\/www.ocorreionews.com.br\/acervo-correio\/wp-content\/uploads\/2023\/10\/aci-nova4-86x64.jpeg 86w\" sizes=\"auto, (max-width: 656px) 100vw, 656px\" \/><\/p>\n<p>(Foto: Reprodu\u00e7\u00e3o\/Jornal da Nova) &#8211;<\/p>\n<p>&#8211; Fotos: Jornal da Nova<\/p>\n","protected":false},"excerpt":{"rendered":"<p>Nove pessoas ficaram feridas, na noite desta ter\u00e7a-feira (3), em um acidente de tr\u00e2nsito no anel vi\u00e1rio Fernando Lima de Vasconcelos, que liga a MS-134 a BR-376, no munic\u00edpio de Nova Andradina, a 298 quil\u00f4metros de Campo Grande. De acordo com o portal Jornal da Nova, o condutor de uma Fiat Toro teria ultrapassado uma [&hellip;]<\/p>\n","protected":false},"author":4,"featured_media":253401,"comment_status":"closed","ping_status":"closed","sticky":false,"template":"","format":"standard","meta":{"footnotes":""},"categories":[38],"tags":[],"class_list":["post-253393","post","type-post","status-publish","format-standard","has-post-thumbnail","hentry","category-policia"],"_links":{"self":[{"href":"https:\/\/www.ocorreionews.com.br\/acervo-correio\/index.php?rest_route=\/wp\/v2\/posts\/253393","targetHints":{"allow":["GET"]}}],"collection":[{"href":"https:\/\/www.ocorreionews.com.br\/acervo-correio\/index.php?rest_route=\/wp\/v2\/posts"}],"about":[{"href":"https:\/\/www.ocorreionews.com.br\/acervo-correio\/index.php?rest_route=\/wp\/v2\/types\/post"}],"author":[{"embeddable":true,"href":"https:\/\/www.ocorreionews.com.br\/acervo-correio\/index.php?rest_route=\/wp\/v2\/users\/4"}],"replies":[{"embeddable":true,"href":"https:\/\/www.ocorreionews.com.br\/acervo-correio\/index.php?rest_route=%2Fwp%2Fv2%2Fcomments&post=253393"}],"version-history":[{"count":1,"href":"https:\/\/www.ocorreionews.com.br\/acervo-correio\/index.php?rest_route=\/wp\/v2\/posts\/253393\/revisions"}],"predecessor-version":[{"id":253403,"href":"https:\/\/www.ocorreionews.com.br\/acervo-correio\/index.php?rest_route=\/wp\/v2\/posts\/253393\/revisions\/253403"}],"wp:featuredmedia":[{"embeddable":true,"href":"https:\/\/www.ocorreionews.com.br\/acervo-correio\/index.php?rest_route=\/wp\/v2\/media\/253401"}],"wp:attachment":[{"href":"https:\/\/www.ocorreionews.com.br\/acervo-correio\/index.php?rest_route=%2Fwp%2Fv2%2Fmedia&parent=253393"}],"wp:term":[{"taxonomy":"category","embeddable":true,"href":"https:\/\/www.ocorreionews.com.br\/acervo-correio\/index.php?rest_route=%2Fwp%2Fv2%2Fcategories&post=253393"},{"taxonomy":"post_tag","embeddable":true,"href":"https:\/\/www.ocorreionews.com.br\/acervo-correio\/index.php?rest_route=%2Fwp%2Fv2%2Ftags&post=253393"}],"curies":[{"name":"wp","href":"https:\/\/api.w.org\/{rel}","templated":true}]}}