{"id":25340,"date":"2016-04-15T08:10:29","date_gmt":"2016-04-15T12:10:29","guid":{"rendered":"https:\/\/ocorreionews.com.br\/?p=25340"},"modified":"2016-04-15T08:10:29","modified_gmt":"2016-04-15T12:10:29","slug":"prefeitura-de-chapadao-do-ceu-vai-reformar-e-ampliar-cemei","status":"publish","type":"post","link":"https:\/\/www.ocorreionews.com.br\/acervo-correio\/?p=25340","title":{"rendered":"Prefeitura de Chapad\u00e3o do C\u00e9u vai reformar e ampliar CEMEI"},"content":{"rendered":"<p style=\"text-align: justify;\">A administra\u00e7\u00e3o municipal do Prefeito Rog\u00e9rio Graxa iniciou os servi\u00e7os de reforma e amplia\u00e7\u00e3o do CEMEI- Eserci Balestrin Kanieski.<\/p>\n<p style=\"text-align: justify;\">O CEMEI vai receber reforma, com a substitui\u00e7\u00e3o do telhado e ter\u00e1 a amplia\u00e7\u00e3o de mais 3 salas de aulas.<\/p>\n<p style=\"text-align: justify;\">A Secretaria de Educa\u00e7\u00e3o, L\u00e9a Rigodanzo, falou da import\u00e2ncia da reforma e da amplia\u00e7\u00e3o do CEMEI, uma vez que j\u00e1 existem uma grande procura de vagas na creche e h\u00e1 necessidade da sua amplia\u00e7\u00e3o. Em rela\u00e7\u00e3o ao telhado a secret\u00e1ria afirmou, que o mesmo nunca passou por uma reforma desde a inaugura\u00e7\u00e3o e nessa \u00e9poca de chuva apresentava varias goteiras.<\/p>\n<p style=\"text-align: justify;\">De acordo com a Diretora Eserci, Ana Rita, h\u00e1 uma grande procura para a creche e a amplia\u00e7\u00e3o ir\u00e1 disponibilizar mais vagas.<\/p>\n<p style=\"text-align: justify;\">Rog\u00e9rio Graxa disse que o ideal seria o munic\u00edpio construir mais uma creche, mas, a crise financeira que atinge todo Pa\u00eds, principalmente os munic\u00edpios n\u00e3o permite. \u201c Sei que n\u00e3o iremos resolver o problema, mas, pelos menos vamos amenizar em parte e atender mais a nossa popula\u00e7\u00e3o.<\/p>\n<p style=\"text-align: justify;\">Vicente de Paula, secret\u00e1rio de obras, afirmou, que a Secretaria estar\u00e1 empenhada nessa obra, para que no m\u00e1ximo em julho ela esteja conclu\u00edda.<\/p>\n<p style=\"text-align: justify;\">A obra ser\u00e1 constru\u00edda atrav\u00e9s de recursos pr\u00f3prios e custar\u00e1 aos cofres municipais aproximadamente R$ 500 mil reais.<\/p>\n","protected":false},"excerpt":{"rendered":"<p>A administra\u00e7\u00e3o municipal do Prefeito Rog\u00e9rio Graxa iniciou os servi\u00e7os de reforma e amplia\u00e7\u00e3o do CEMEI- Eserci Balestrin Kanieski. O CEMEI vai receber reforma, com a substitui\u00e7\u00e3o do telhado e ter\u00e1 a amplia\u00e7\u00e3o de mais 3 salas de aulas. A Secretaria de Educa\u00e7\u00e3o, L\u00e9a Rigodanzo, falou da import\u00e2ncia da reforma e da amplia\u00e7\u00e3o do CEMEI, [&hellip;]<\/p>\n","protected":false},"author":4,"featured_media":25346,"comment_status":"closed","ping_status":"closed","sticky":false,"template":"","format":"standard","meta":{"footnotes":""},"categories":[22],"tags":[],"class_list":["post-25340","post","type-post","status-publish","format-standard","has-post-thumbnail","hentry","category-chapadao-do-ceu"],"_links":{"self":[{"href":"https:\/\/www.ocorreionews.com.br\/acervo-correio\/index.php?rest_route=\/wp\/v2\/posts\/25340","targetHints":{"allow":["GET"]}}],"collection":[{"href":"https:\/\/www.ocorreionews.com.br\/acervo-correio\/index.php?rest_route=\/wp\/v2\/posts"}],"about":[{"href":"https:\/\/www.ocorreionews.com.br\/acervo-correio\/index.php?rest_route=\/wp\/v2\/types\/post"}],"author":[{"embeddable":true,"href":"https:\/\/www.ocorreionews.com.br\/acervo-correio\/index.php?rest_route=\/wp\/v2\/users\/4"}],"replies":[{"embeddable":true,"href":"https:\/\/www.ocorreionews.com.br\/acervo-correio\/index.php?rest_route=%2Fwp%2Fv2%2Fcomments&post=25340"}],"version-history":[{"count":0,"href":"https:\/\/www.ocorreionews.com.br\/acervo-correio\/index.php?rest_route=\/wp\/v2\/posts\/25340\/revisions"}],"wp:featuredmedia":[{"embeddable":true,"href":"https:\/\/www.ocorreionews.com.br\/acervo-correio\/index.php?rest_route=\/wp\/v2\/media\/25346"}],"wp:attachment":[{"href":"https:\/\/www.ocorreionews.com.br\/acervo-correio\/index.php?rest_route=%2Fwp%2Fv2%2Fmedia&parent=25340"}],"wp:term":[{"taxonomy":"category","embeddable":true,"href":"https:\/\/www.ocorreionews.com.br\/acervo-correio\/index.php?rest_route=%2Fwp%2Fv2%2Fcategories&post=25340"},{"taxonomy":"post_tag","embeddable":true,"href":"https:\/\/www.ocorreionews.com.br\/acervo-correio\/index.php?rest_route=%2Fwp%2Fv2%2Ftags&post=25340"}],"curies":[{"name":"wp","href":"https:\/\/api.w.org\/{rel}","templated":true}]}}