{"id":253417,"date":"2023-10-04T08:38:39","date_gmt":"2023-10-04T12:38:39","guid":{"rendered":"https:\/\/www.ocorreionews.com.br\/acervo-correio\/?p=253417"},"modified":"2023-10-04T08:38:39","modified_gmt":"2023-10-04T12:38:39","slug":"maniaco-do-parque-de-ms-rezava-durante-abusos-sexuais-diz-policia","status":"publish","type":"post","link":"https:\/\/www.ocorreionews.com.br\/acervo-correio\/?p=253417","title":{"rendered":"&#8216;Man\u00edaco do Parque de MS&#8217; rezava durante abusos sexuais, diz pol\u00edcia"},"content":{"rendered":"<div id=\"chunk-1dsjb\">\n<div class=\"mc-column content-text active-extra-styles \" data-block-type=\"unstyled\" data-block-weight=\"54\" data-block-id=\"3\">\n<p class=\" content-text__container \" data-track-category=\"Link no Texto\" data-track-links=\"\">Jos\u00e9 Carlos de Santana Junior, conhecido como &#8220;Man\u00edaco do Parque de MS&#8221;, rezava enquanto estuprava as v\u00edtimas, em Campo Grande, de acordo com relato das mulheres abusadas \u00e0 pol\u00edcia. Solto h\u00e1 dois anos ap\u00f3s cumprir pena por uma s\u00e9rie de 10 estupros, o abusador voltou a ser preso pelos mesmos crimes nessa segunda-feira (2).<\/p>\n<p data-track-category=\"Link no Texto\" data-track-links=\"\">\n<\/div>\n<\/div>\n<div class=\"wall protected-content\">\n<div id=\"chunk-94gvl\">\n<div class=\"mc-column content-text active-extra-styles \" data-block-type=\"unstyled\" data-block-weight=\"36\" data-block-id=\"4\">\n<p class=\" content-text__container \" data-track-category=\"Link no Texto\" data-track-links=\"\">Na nova sequ\u00eancia de ataques, Jos\u00e9 abusou de pelo menos cinco mulheres, de acordo com as investiga\u00e7\u00f5es da Delegacia Especializada no Atendimento \u00e0 Mulher (Deam). Entre as v\u00edtimas est\u00e3o duas adolescentes, de 14 e 17 anos.<\/p>\n<p data-track-category=\"Link no Texto\" data-track-links=\"\">\n<\/div>\n<\/div>\n<div id=\"chunk-844qn\">\n<div class=\"mc-column content-text active-extra-styles \" data-block-type=\"unstyled\" data-block-weight=\"41\" data-block-id=\"5\">\n<p class=\" content-text__container \" data-track-category=\"Link no Texto\" data-track-links=\"\">Jos\u00e9 voltou a ser preso dois anos ap\u00f3s ganhar liberdade. O &#8220;Man\u00edaco do Parque&#8221; foi preso na tarde dessa segunda-feira (2), durante a Opera\u00e7\u00e3o Incubus, deflagrada pela Deam.<a href=\"https:\/\/g1.globo.com\/ms\/mato-grosso-do-sul\/video\/video-mostra-momento-em-que-maniaco-do-parque-ataca-mulheres-em-campo-grande-11996262.ghtml\"> <strong><span class=\"highlight highlighted\">C\u00e2meras de seguran\u00e7a registraram alguns dos \u00faltimos ataquea. Veja o v\u00eddeo aqui.<\/span><\/strong><\/a><\/p>\n<p data-track-category=\"Link no Texto\" data-track-links=\"\">\n<\/div>\n<\/div>\n<div id=\"chunk-ueh6\">\n<div class=\"mc-column content-text active-extra-styles \" data-block-type=\"unstyled\" data-block-weight=\"47\" data-block-id=\"7\">\n<p class=\" content-text__container \" data-track-category=\"Link no Texto\" data-track-links=\"\">Segundo a delegada Eliane Benicasa, o Man\u00edaco tinha um <em>modus operandi <\/em>para cometer os crimes sexuais. Jos\u00e9 se aproximava das mulheres fingindo utilizar o telefone, abordava e perseguia as v\u00edtimas. Depois da persegui\u00e7\u00e3o, o ex-presidi\u00e1rio levava as v\u00edtimas para o ve\u00edculo, onde praticava os crimes sexuais.<\/p>\n<p data-track-category=\"Link no Texto\" data-track-links=\"\">\n<\/div>\n<\/div>\n<div id=\"chunk-148mc\">\n<div class=\"mc-column content-text active-extra-styles\" data-block-type=\"raw\" data-block-weight=\"19\" data-block-id=\"8\">\n<p class=\"content-text__container\">\n<blockquote class=\"content-blockquote theme-border-color-primary-before\"><p>\u201cH\u00e1 relatos de que ele ficava rezando, orando durante o crime sexual. Ao todo, cinco v\u00edtimas fizeram o reconhecimento\u201d.<\/p><\/blockquote>\n<\/div>\n<\/div>\n<div id=\"chunk-1m9ji\">\n<div class=\"mc-column content-text active-extra-styles\" data-block-type=\"raw\" data-block-weight=\"4\" data-block-id=\"9\">\n<div class=\"content-intertitle\">\n<h2><\/h2>\n<h2>Nova sequ\u00eancia de abusos<\/h2>\n<p>&nbsp;<\/p>\n<\/div>\n<\/div>\n<\/div>\n<\/div>\n<div id=\"chunk-dhq6\">\n<div class=\"mc-column content-text active-extra-styles \" data-block-type=\"unstyled\" data-block-weight=\"42\" data-block-id=\"11\">\n<p class=\" content-text__container \" data-track-category=\"Link no Texto\" data-track-links=\"\">De acordo com a delegada Elaine Benicasa, o homem estuprou outras quatro v\u00edtimas desde que foi solto, h\u00e1 dois anos. Segundo ela, Jos\u00e9 Carlos fingia que estava falando ao celular, abordava as v\u00edtimas fazendo men\u00e7\u00e3o que estava armado e cometia o crime.<\/p>\n<\/div>\n<\/div>\n<div id=\"chunk-6uqh5\">\n<div class=\"content-ads content-ads--reveal\" data-block-type=\"ads\" data-block-id=\"12\">\n<div><\/div>\n<\/div>\n<\/div>\n<div id=\"chunk-cjo2f\">\n<div class=\"mc-column content-text active-extra-styles \" data-block-type=\"unstyled\" data-block-weight=\"42\" data-block-id=\"13\">\n<p class=\" content-text__container \" data-track-category=\"Link no Texto\" data-track-links=\"\">No come\u00e7o da manh\u00e3 desta ter\u00e7a, a Pol\u00edcia Civil trabalhava com a informa\u00e7\u00e3o de quatro v\u00edtimas mais recentes. Entretanto, ao longo da tarde, a 5\u00aa v\u00edtima, uma adolescente de 14 anos, procurou a delegacia para prestar queixa sobre a importuna\u00e7\u00e3o sexual sofrida.<\/p>\n<p data-track-category=\"Link no Texto\" data-track-links=\"\">\n<\/div>\n<\/div>\n<div id=\"chunk-6mkf7\">\n<div class=\"mc-column content-text active-extra-styles \" data-block-type=\"unstyled\" data-block-weight=\"47\" data-block-id=\"14\">\n<p class=\" content-text__container \" data-track-category=\"Link no Texto\" data-track-links=\"\">&#8220;Essa adolescente foi importunada durante uma corrida por aplicativo. A menina estava no carro, quando o suspeito a importunou, ela abriu a porta do ve\u00edculo e fugiu. A v\u00edtima reconheceu o suspeito pelas imagens e not\u00edcias divulgadas pela imprensa&#8221;, detalhou a delegada respons\u00e1vel pelo caso, Analu Ferraz.<\/p>\n<p data-track-category=\"Link no Texto\" data-track-links=\"\">\n<\/div>\n<\/div>\n<div id=\"chunk-1t707\">\n<div class=\"mc-column content-text active-extra-styles \" data-block-type=\"unstyled\" data-block-weight=\"22\" data-block-id=\"15\">\n<p class=\" content-text__container \" data-track-category=\"Link no Texto\" data-track-links=\"\">Todas as cinco v\u00edtimas que procuraram a Deam reconheceram o suspeito. Jos\u00e9 Carlos de Santana Junior ainda n\u00e3o tem defesa constitu\u00edda.<\/p>\n<p data-track-category=\"Link no Texto\" data-track-links=\"\">\n<\/div>\n<\/div>\n<div id=\"chunk-6e8hc\">\n<div class=\"mc-column content-text active-extra-styles \" data-block-type=\"unstyled\" data-block-weight=\"21\" data-block-id=\"16\">\n<p class=\" content-text__container \" data-track-category=\"Link no Texto\" data-track-links=\"\">Os casos das v\u00edtimas menores de idade ser\u00e3o encaminhados para investiga\u00e7\u00e3o na Delegacia Especializada no Atendimento \u00e0 Crian\u00e7as e Adolescentes (DEPCA).<\/p>\n<p data-track-category=\"Link no Texto\" data-track-links=\"\">\n<\/div>\n<\/div>\n<div id=\"chunk-7roet\">\n<div class=\"mc-column content-text active-extra-styles\" data-block-type=\"raw\" data-block-weight=\"2\" data-block-id=\"17\">\n<p class=\"content-text__container\">\n<div class=\"content-intertitle\">\n<h2>1\u00aa condena\u00e7\u00e3o<\/h2>\n<p>&nbsp;<\/p>\n<\/div>\n<p>&nbsp;<\/p>\n<\/div>\n<\/div>\n<div id=\"chunk-2l3n2\">\n<div class=\"mc-column content-text active-extra-styles \" data-block-type=\"unstyled\" data-block-weight=\"36\" data-block-id=\"18\">\n<p class=\" content-text__container \" data-track-category=\"Link no Texto\" data-track-links=\"\">Jos\u00e9 Carlos foi preso em 2007 e condenado a 34 anos de pris\u00e3o, em regime fechado, cumprindo no Instituto Penal de Campo Grande (IPCG), pelo estupro de pelo menos 10 mulheres no Parque das Na\u00e7\u00f5es Ind\u00edgenas.<\/p>\n<p data-track-category=\"Link no Texto\" data-track-links=\"\">\n<\/div>\n<\/div>\n<div id=\"chunk-cicnm\">\n<div class=\"mc-column content-text active-extra-styles \" data-block-type=\"unstyled\" data-block-weight=\"28\" data-block-id=\"19\">\n<p class=\" content-text__container \" data-track-category=\"Link no Texto\" data-track-links=\"\">Durante o cumprimento da pena, o homem concluiu o ensino m\u00e9dio, tornou-se bacharel em processos gerenciais por uma universidade particular e concluiu a p\u00f3s-gradua\u00e7\u00e3o em coaching e lideran\u00e7a.<\/p>\n<p data-track-category=\"Link no Texto\" data-track-links=\"\">\n<\/div>\n<\/div>\n<div id=\"chunk-7po3o\">\n<div class=\"mc-column content-text active-extra-styles \" data-block-type=\"unstyled\" data-block-weight=\"39\" data-block-id=\"20\">\n<p class=\" content-text__container \" data-track-category=\"Link no Texto\" data-track-links=\"\">Com a progress\u00e3o do regime, h\u00e1 dois anos Jo\u00e3o Carlos foi liberado e, recentemente, voltou a atacar mulheres. A delegada da Deam, Elaine Benicasa, informou que o homem \u00e9 casado, mora em Campo Grande e foi preso em Terenos.<\/p>\n<p data-track-category=\"Link no Texto\" data-track-links=\"\">\n<p class=\"content-publication-data__from\" title=\"Jos\u00e9 C\u00e2mara e Rafaela Moreira, g1 MS\">Por Jos\u00e9 C\u00e2mara e Rafaela Moreira, g1 MS<\/p>\n<\/div>\n<\/div>\n","protected":false},"excerpt":{"rendered":"<p>Jos\u00e9 Carlos de Santana Junior, conhecido como &#8220;Man\u00edaco do Parque de MS&#8221;, rezava enquanto estuprava as v\u00edtimas, em Campo Grande, de acordo com relato das mulheres abusadas \u00e0 pol\u00edcia. Solto h\u00e1 dois anos ap\u00f3s cumprir pena por uma s\u00e9rie de 10 estupros, o abusador voltou a ser preso pelos mesmos crimes nessa segunda-feira (2). Na [&hellip;]<\/p>\n","protected":false},"author":5,"featured_media":253418,"comment_status":"closed","ping_status":"closed","sticky":false,"template":"","format":"standard","meta":{"footnotes":""},"categories":[38],"tags":[],"class_list":["post-253417","post","type-post","status-publish","format-standard","has-post-thumbnail","hentry","category-policia"],"_links":{"self":[{"href":"https:\/\/www.ocorreionews.com.br\/acervo-correio\/index.php?rest_route=\/wp\/v2\/posts\/253417","targetHints":{"allow":["GET"]}}],"collection":[{"href":"https:\/\/www.ocorreionews.com.br\/acervo-correio\/index.php?rest_route=\/wp\/v2\/posts"}],"about":[{"href":"https:\/\/www.ocorreionews.com.br\/acervo-correio\/index.php?rest_route=\/wp\/v2\/types\/post"}],"author":[{"embeddable":true,"href":"https:\/\/www.ocorreionews.com.br\/acervo-correio\/index.php?rest_route=\/wp\/v2\/users\/5"}],"replies":[{"embeddable":true,"href":"https:\/\/www.ocorreionews.com.br\/acervo-correio\/index.php?rest_route=%2Fwp%2Fv2%2Fcomments&post=253417"}],"version-history":[{"count":1,"href":"https:\/\/www.ocorreionews.com.br\/acervo-correio\/index.php?rest_route=\/wp\/v2\/posts\/253417\/revisions"}],"predecessor-version":[{"id":253419,"href":"https:\/\/www.ocorreionews.com.br\/acervo-correio\/index.php?rest_route=\/wp\/v2\/posts\/253417\/revisions\/253419"}],"wp:featuredmedia":[{"embeddable":true,"href":"https:\/\/www.ocorreionews.com.br\/acervo-correio\/index.php?rest_route=\/wp\/v2\/media\/253418"}],"wp:attachment":[{"href":"https:\/\/www.ocorreionews.com.br\/acervo-correio\/index.php?rest_route=%2Fwp%2Fv2%2Fmedia&parent=253417"}],"wp:term":[{"taxonomy":"category","embeddable":true,"href":"https:\/\/www.ocorreionews.com.br\/acervo-correio\/index.php?rest_route=%2Fwp%2Fv2%2Fcategories&post=253417"},{"taxonomy":"post_tag","embeddable":true,"href":"https:\/\/www.ocorreionews.com.br\/acervo-correio\/index.php?rest_route=%2Fwp%2Fv2%2Ftags&post=253417"}],"curies":[{"name":"wp","href":"https:\/\/api.w.org\/{rel}","templated":true}]}}