{"id":253427,"date":"2023-10-04T10:29:45","date_gmt":"2023-10-04T14:29:45","guid":{"rendered":"https:\/\/www.ocorreionews.com.br\/acervo-correio\/?p=253427"},"modified":"2023-10-04T14:16:36","modified_gmt":"2023-10-04T18:16:36","slug":"costa-rica-camara-aprova-projeto-que-garante-imunidade-a-igrejas-e-templos-de-iptu","status":"publish","type":"post","link":"https:\/\/www.ocorreionews.com.br\/acervo-correio\/?p=253427","title":{"rendered":"Costa Rica: C\u00e2mara aprova projeto que garante imunidade a igrejas e templos de IPTU"},"content":{"rendered":"<p>Os vereadores da C\u00e2mara Municipal de Costa Rica aprovaram na sess\u00e3o desta segunda-feira (25) o <a href=\"chrome-extension:\/\/efaidnbmnnnibpcajpcglclefindmkaj\/https:\/cmcostarica.legissuper.com.br\/lawPdf\/922\">Substitutivo n\u00b0 01\/2023<\/a> ao <a href=\"chrome-extension:\/\/efaidnbmnnnibpcajpcglclefindmkaj\/https:\/cmcostarica.legissuper.com.br\/lawPdf\/897\">Projeto de Lei Complementar n\u00b0 15\/2023<\/a> de autoria do vereador Waldomiro Bocalan, Biri.<\/p>\n<p>Conforme explicou Averaldo Barbosa, o projeto inicial do vereador Biri tinha como entendimento a isen\u00e7\u00e3o, por\u00e9m a Comiss\u00e3o de Constitui\u00e7\u00e3o, Legisla\u00e7\u00e3o, Justi\u00e7a e Reda\u00e7\u00e3o Final, composta tamb\u00e9m pelos vereadores pro. Manuelina Martins e Evaldo Paulino alterou propondo que seja utilizado o termo imunidade.<\/p>\n<p>\u201cMuitas igrejas e templos religiosos do munic\u00edpio funcionam em im\u00f3veis alugados e a isen\u00e7\u00e3o do IPTU sobre esses im\u00f3veis \u00e9 uma forma de reconhecer a import\u00e2ncia dessas entidades para a sociedade\u201d, disse Biri.<\/p>\n<p>Desta forma, o substitutivo estabelece que a imunidade do IPTU sobre os im\u00f3veis alugados pelas entidades religiosas depende da apresenta\u00e7\u00e3o de um contrato de loca\u00e7\u00e3o que transfira ao locat\u00e1rio a responsabilidade pelo pagamento do imposto, bem como da comunica\u00e7\u00e3o ao Poder Executivo quando ocorrer a rescis\u00e3o contratual.<\/p>\n<p>Ele tamb\u00e9m prev\u00ea ainda, que a imunidade ser\u00e1 suspensa se for constatada alguma irregularidade, como a subloca\u00e7\u00e3o do im\u00f3vel, o uso do im\u00f3vel para outra finalidade que n\u00e3o religiosa, o descumprimento das obriga\u00e7\u00f5es acess\u00f3rias ou a presta\u00e7\u00e3o de informa\u00e7\u00f5es falsas ou incorretas.<\/p>\n<p>O Substitutivo n\u00ba 1\/2023 ao Projeto de Lei Complementar n\u00ba 15\/2023 foi aprovado por unanimidade pelos vereadores na 32\u00ba sess\u00e3o e segue agora para a san\u00e7\u00e3o do prefeito Cleverson Alves dos Santos.<\/p>\n<p>&nbsp;<\/p>\n<p><strong>Informa\u00e7\u00f5es:<\/strong><\/p>\n<p>Cassiane Mews &#8211; Assessora de Imprensa<\/p>\n<p>&nbsp;<\/p>\n<p>&nbsp;<\/p>\n<p>&nbsp;<\/p>\n","protected":false},"excerpt":{"rendered":"<p>Os vereadores da C\u00e2mara Municipal de Costa Rica aprovaram na sess\u00e3o desta segunda-feira (25) o Substitutivo n\u00b0 01\/2023 ao Projeto de Lei Complementar n\u00b0 15\/2023 de autoria do vereador Waldomiro Bocalan, Biri. Conforme explicou Averaldo Barbosa, o projeto inicial do vereador Biri tinha como entendimento a isen\u00e7\u00e3o, por\u00e9m a Comiss\u00e3o de Constitui\u00e7\u00e3o, Legisla\u00e7\u00e3o, Justi\u00e7a e [&hellip;]<\/p>\n","protected":false},"author":4,"featured_media":253452,"comment_status":"closed","ping_status":"closed","sticky":false,"template":"","format":"standard","meta":{"footnotes":""},"categories":[20,25],"tags":[],"class_list":["post-253427","post","type-post","status-publish","format-standard","has-post-thumbnail","hentry","category-camara-municipal","category-costa-rica"],"_links":{"self":[{"href":"https:\/\/www.ocorreionews.com.br\/acervo-correio\/index.php?rest_route=\/wp\/v2\/posts\/253427","targetHints":{"allow":["GET"]}}],"collection":[{"href":"https:\/\/www.ocorreionews.com.br\/acervo-correio\/index.php?rest_route=\/wp\/v2\/posts"}],"about":[{"href":"https:\/\/www.ocorreionews.com.br\/acervo-correio\/index.php?rest_route=\/wp\/v2\/types\/post"}],"author":[{"embeddable":true,"href":"https:\/\/www.ocorreionews.com.br\/acervo-correio\/index.php?rest_route=\/wp\/v2\/users\/4"}],"replies":[{"embeddable":true,"href":"https:\/\/www.ocorreionews.com.br\/acervo-correio\/index.php?rest_route=%2Fwp%2Fv2%2Fcomments&post=253427"}],"version-history":[{"count":3,"href":"https:\/\/www.ocorreionews.com.br\/acervo-correio\/index.php?rest_route=\/wp\/v2\/posts\/253427\/revisions"}],"predecessor-version":[{"id":253453,"href":"https:\/\/www.ocorreionews.com.br\/acervo-correio\/index.php?rest_route=\/wp\/v2\/posts\/253427\/revisions\/253453"}],"wp:featuredmedia":[{"embeddable":true,"href":"https:\/\/www.ocorreionews.com.br\/acervo-correio\/index.php?rest_route=\/wp\/v2\/media\/253452"}],"wp:attachment":[{"href":"https:\/\/www.ocorreionews.com.br\/acervo-correio\/index.php?rest_route=%2Fwp%2Fv2%2Fmedia&parent=253427"}],"wp:term":[{"taxonomy":"category","embeddable":true,"href":"https:\/\/www.ocorreionews.com.br\/acervo-correio\/index.php?rest_route=%2Fwp%2Fv2%2Fcategories&post=253427"},{"taxonomy":"post_tag","embeddable":true,"href":"https:\/\/www.ocorreionews.com.br\/acervo-correio\/index.php?rest_route=%2Fwp%2Fv2%2Ftags&post=253427"}],"curies":[{"name":"wp","href":"https:\/\/api.w.org\/{rel}","templated":true}]}}