{"id":253432,"date":"2023-10-04T09:56:18","date_gmt":"2023-10-04T13:56:18","guid":{"rendered":"https:\/\/www.ocorreionews.com.br\/acervo-correio\/?p=253432"},"modified":"2023-10-04T09:56:18","modified_gmt":"2023-10-04T13:56:18","slug":"policiais-morrem-afogados-durante-perseguicao-em-goias-diz-pm","status":"publish","type":"post","link":"https:\/\/www.ocorreionews.com.br\/acervo-correio\/?p=253432","title":{"rendered":"Policiais morrem afogados durante persegui\u00e7\u00e3o em Goi\u00e1s, diz PM"},"content":{"rendered":"<div id=\"chunk-dmpuk\">\n<div class=\"mc-column content-text active-extra-styles \" data-block-type=\"unstyled\" data-block-weight=\"53\" data-block-id=\"3\">\n<p class=\" content-text__container \" data-track-category=\"Link no Texto\" data-track-links=\"\">O cabo Wenderson Andr\u00e9 da Silva Alves, de 31 anos, e o soldado Pedro Felipe Moreira da N\u00f3brega, de 33, ambos da Pol\u00edcia Militar (PM), morreram afogados em Cristalina -GO. Segundo a PM, os policiais estavam procurando por um foragido, quando o viram na margem de um rio fugindo.<\/p>\n<p data-track-category=\"Link no Texto\" data-track-links=\"\">\n<\/div>\n<\/div>\n<div class=\"wall protected-content\">\n<div id=\"chunk-hn3q\">\n<div class=\"mc-column content-text active-extra-styles \" data-block-type=\"unstyled\" data-block-weight=\"58\" data-block-id=\"5\">\n<p class=\" content-text__container \" data-track-category=\"Link no Texto\" data-track-links=\"\">A pol\u00edcia disse que o foragido percebeu a chegada dos policiais e por isso fugiu para o mato, momento em que os PMs entraram no rio nadando. No entanto, ap\u00f3s cerca de 15 metros, o cabo Wenderson se cansou e, na tentativa de ajudar o colega na travessia, o soldado Pedro Felipe tamb\u00e9m se afogou, segundo a ocorr\u00eancia.<\/p>\n<p data-track-category=\"Link no Texto\" data-track-links=\"\">\n<\/div>\n<\/div>\n<div id=\"chunk-bkd0n\">\n<div class=\"row medium-uncollapsed content-media content-photo\" data-block-type=\"backstage-photo\" data-block-id=\"9\">\n<div class=\" mc-column  content-media__container\">\n<div class=\"content-media-container glb-skeleton-box\">\n<figure class=\"content-media-figure\">\n<p><figure style=\"width: 647px\" class=\"wp-caption aligncenter\"><img loading=\"lazy\" decoding=\"async\" class=\"i-amphtml-fill-content i-amphtml-replaced-content\" src=\"https:\/\/s2-g1.glbimg.com\/0uCxv1nbpq8OLndIE_nweolrjRU=\/0x0:1700x1065\/984x0\/smart\/filters:strip_icc()\/i.s3.glbimg.com\/v1\/AUTH_59edd422c0c84a879bd37670ae4f538a\/internal_photos\/bs\/2023\/6\/B\/qHEdBVT6600611U9alXg\/pmsmorrem.jpg\" sizes=\"auto, (max-width: 1366px) 648px, 100vw\" srcset=\"https:\/\/s2-g1.glbimg.com\/cH7jAVG7m_usFChp5SGjBJX6nTg=\/0x0:1700x1065\/1000x0\/smart\/filters:strip_icc()\/i.s3.glbimg.com\/v1\/AUTH_59edd422c0c84a879bd37670ae4f538a\/internal_photos\/bs\/2023\/6\/B\/qHEdBVT6600611U9alXg\/pmsmorrem.jpg 1000w, https:\/\/s2-g1.glbimg.com\/0uCxv1nbpq8OLndIE_nweolrjRU=\/0x0:1700x1065\/984x0\/smart\/filters:strip_icc()\/i.s3.glbimg.com\/v1\/AUTH_59edd422c0c84a879bd37670ae4f538a\/internal_photos\/bs\/2023\/6\/B\/qHEdBVT6600611U9alXg\/pmsmorrem.jpg 984w, https:\/\/s2-g1.glbimg.com\/9U8YdgwSW4LQqgBYlniuwFFa3SU=\/0x0:1700x1065\/640x0\/smart\/filters:strip_icc()\/i.s3.glbimg.com\/v1\/AUTH_59edd422c0c84a879bd37670ae4f538a\/internal_photos\/bs\/2023\/6\/B\/qHEdBVT6600611U9alXg\/pmsmorrem.jpg 640w, https:\/\/s2-g1.glbimg.com\/lrkxPC3EwQdk-Yq4bSVmf8AXDLM=\/0x0:1700x1065\/600x0\/smart\/filters:strip_icc()\/i.s3.glbimg.com\/v1\/AUTH_59edd422c0c84a879bd37670ae4f538a\/internal_photos\/bs\/2023\/6\/B\/qHEdBVT6600611U9alXg\/pmsmorrem.jpg 600w\" alt=\"Bombeiros procuraram por PMs que morreram afogados durante persegui\u00e7\u00e3o em Goi\u00e1s \u2014 Foto: Reprodu\u00e7\u00e3o\/PM\" width=\"647\" height=\"405\" \/><figcaption class=\"wp-caption-text\">Bombeiros procuraram por PMs que morreram afogados durante persegui\u00e7\u00e3o em Goi\u00e1s \u2014 Foto: Reprodu\u00e7\u00e3o\/PM<\/figcaption><\/figure><\/figure>\n<\/div>\n<p class=\"content-media__description  \">\n<\/div>\n<\/div>\n<\/div>\n<div id=\"chunk-3h0i7\">\n<div class=\"mc-column content-text active-extra-styles \" data-block-type=\"unstyled\" data-block-weight=\"34\" data-block-id=\"10\">\n<p class=\" content-text__container \" data-track-category=\"Link no Texto\" data-track-links=\"\">O caso aconteceu na tarde da \u00faltima ter\u00e7a-feira (3), no rio S\u00e3o Bartolomeu. O Corpo de Bombeiros fez uma opera\u00e7\u00e3o com 12 militares e encontrou os corpos por volta de 23h40<em> (<a href=\"https:\/\/g1.globo.com\/go\/goias\/video\/video-mostra-bombeiros-procurando-corpos-de-pms-em-rio-de-cristalina-11998787.ghtml\"><strong>veja v\u00eddeo aqui<\/strong><\/a>).<\/em><\/p>\n<p data-track-category=\"Link no Texto\" data-track-links=\"\">\n<\/div>\n<\/div>\n<div id=\"chunk-err2c\">\n<div class=\"mc-column content-text active-extra-styles \" data-block-type=\"unstyled\" data-block-weight=\"51\" data-block-id=\"11\">\n<p class=\" content-text__container \" data-track-category=\"Link no Texto\" data-track-links=\"\">Segundo os bombeiros, as condi\u00e7\u00f5es no rio eram desafiadoras para as equipes de mergulho, por conta das \u00e1guas turvas, lama e galhadas submersas, o que dificultou a procura. Os corpos foram encontrados a aproximadamente 50 metros da margem do rio e a uma profundidade de 15 metros, conforme divulgaram os bombeiros.<\/p>\n<\/div>\n<\/div>\n<\/div>\n<div id=\"chunk-dovg\">\n<div class=\"mc-column content-text active-extra-styles\" data-block-type=\"raw\" data-block-weight=\"1\" data-block-id=\"14\">\n<p class=\"content-text__container\">\n<div class=\"content-intertitle\">\n<h2>Pesar<\/h2>\n<\/div>\n<p>&nbsp;<\/p>\n<\/div>\n<\/div>\n<div id=\"chunk-b7mol\">\n<div class=\"mc-column content-text active-extra-styles \" data-block-type=\"unstyled\" data-block-weight=\"14\" data-block-id=\"15\">\n<p class=\" content-text__container \" data-track-category=\"Link no Texto\" data-track-links=\"\">Em nota, a Pol\u00edcia Militar se solidarizou com a morte dos militares. Veja abaixo:<\/p>\n<p data-track-category=\"Link no Texto\" data-track-links=\"\">\n<\/div>\n<\/div>\n<div id=\"chunk-4k90b\">\n<div class=\"row medium-uncollapsed content-media content-photo\" data-block-type=\"backstage-photo\" data-block-id=\"16\">\n<div class=\" mc-column  content-media__container\">\n<div class=\"content-media-container glb-skeleton-box\">\n<figure class=\"content-media-figure\">\n<figure style=\"width: 647px\" class=\"wp-caption aligncenter\"><img loading=\"lazy\" decoding=\"async\" class=\"i-amphtml-fill-content i-amphtml-replaced-content\" src=\"https:\/\/s2-g1.glbimg.com\/E5rzq0QCSubK5-GZNpG71nK_Y-o=\/0x0:1700x1065\/984x0\/smart\/filters:strip_icc()\/i.s3.glbimg.com\/v1\/AUTH_59edd422c0c84a879bd37670ae4f538a\/internal_photos\/bs\/2023\/J\/Y\/HstHVYRcmwZSQKzifL1w\/montagens-35-.jpg\" sizes=\"auto, (max-width: 1366px) 648px, 100vw\" srcset=\"https:\/\/s2-g1.glbimg.com\/p4aF-lxspPWWh_a_bIgIyPeHZOw=\/0x0:1700x1065\/1000x0\/smart\/filters:strip_icc()\/i.s3.glbimg.com\/v1\/AUTH_59edd422c0c84a879bd37670ae4f538a\/internal_photos\/bs\/2023\/J\/Y\/HstHVYRcmwZSQKzifL1w\/montagens-35-.jpg 1000w, https:\/\/s2-g1.glbimg.com\/E5rzq0QCSubK5-GZNpG71nK_Y-o=\/0x0:1700x1065\/984x0\/smart\/filters:strip_icc()\/i.s3.glbimg.com\/v1\/AUTH_59edd422c0c84a879bd37670ae4f538a\/internal_photos\/bs\/2023\/J\/Y\/HstHVYRcmwZSQKzifL1w\/montagens-35-.jpg 984w, https:\/\/s2-g1.glbimg.com\/ufV98Ou0iJl2DSa0dSIonWkHs4k=\/0x0:1700x1065\/640x0\/smart\/filters:strip_icc()\/i.s3.glbimg.com\/v1\/AUTH_59edd422c0c84a879bd37670ae4f538a\/internal_photos\/bs\/2023\/J\/Y\/HstHVYRcmwZSQKzifL1w\/montagens-35-.jpg 640w, https:\/\/s2-g1.glbimg.com\/9tmWYmGdwYgRt0z_9rjH6nftJks=\/0x0:1700x1065\/600x0\/smart\/filters:strip_icc()\/i.s3.glbimg.com\/v1\/AUTH_59edd422c0c84a879bd37670ae4f538a\/internal_photos\/bs\/2023\/J\/Y\/HstHVYRcmwZSQKzifL1w\/montagens-35-.jpg 600w\" alt=\"O cabo Wenderson Andr\u00e9 da Silva Alves, de de 31 anos, e um soldado Pedro Felipe Moreira da N\u00f3brega, de 33, ambos da Pol\u00edcia Militar (PM) morreram afogados em Cristalina, Goi\u00e1s \u2014 Foto: Divulga\u00e7\u00e3o\/PM\" width=\"647\" height=\"405\" \/><figcaption class=\"wp-caption-text\">O cabo Wenderson Andr\u00e9 da Silva Alves, de de 31 anos, e um soldado Pedro Felipe Moreira da N\u00f3brega, de 33, ambos da Pol\u00edcia Militar (PM) morreram afogados em Cristalina, Goi\u00e1s \u2014 Foto: Divulga\u00e7\u00e3o\/PM<\/figcaption><\/figure>\n<p>&nbsp;<\/p>\n<p>Por Michel Gomes, g1 Goi\u00e1s<\/figure>\n<\/div>\n<\/div>\n<\/div>\n<\/div>\n","protected":false},"excerpt":{"rendered":"<p>O cabo Wenderson Andr\u00e9 da Silva Alves, de 31 anos, e o soldado Pedro Felipe Moreira da N\u00f3brega, de 33, ambos da Pol\u00edcia Militar (PM), morreram afogados em Cristalina -GO. Segundo a PM, os policiais estavam procurando por um foragido, quando o viram na margem de um rio fugindo. A pol\u00edcia disse que o foragido [&hellip;]<\/p>\n","protected":false},"author":5,"featured_media":253433,"comment_status":"closed","ping_status":"closed","sticky":false,"template":"","format":"standard","meta":{"footnotes":""},"categories":[141,38],"tags":[],"class_list":["post-253432","post","type-post","status-publish","format-standard","has-post-thumbnail","hentry","category-goias","category-policia"],"_links":{"self":[{"href":"https:\/\/www.ocorreionews.com.br\/acervo-correio\/index.php?rest_route=\/wp\/v2\/posts\/253432","targetHints":{"allow":["GET"]}}],"collection":[{"href":"https:\/\/www.ocorreionews.com.br\/acervo-correio\/index.php?rest_route=\/wp\/v2\/posts"}],"about":[{"href":"https:\/\/www.ocorreionews.com.br\/acervo-correio\/index.php?rest_route=\/wp\/v2\/types\/post"}],"author":[{"embeddable":true,"href":"https:\/\/www.ocorreionews.com.br\/acervo-correio\/index.php?rest_route=\/wp\/v2\/users\/5"}],"replies":[{"embeddable":true,"href":"https:\/\/www.ocorreionews.com.br\/acervo-correio\/index.php?rest_route=%2Fwp%2Fv2%2Fcomments&post=253432"}],"version-history":[{"count":1,"href":"https:\/\/www.ocorreionews.com.br\/acervo-correio\/index.php?rest_route=\/wp\/v2\/posts\/253432\/revisions"}],"predecessor-version":[{"id":253434,"href":"https:\/\/www.ocorreionews.com.br\/acervo-correio\/index.php?rest_route=\/wp\/v2\/posts\/253432\/revisions\/253434"}],"wp:featuredmedia":[{"embeddable":true,"href":"https:\/\/www.ocorreionews.com.br\/acervo-correio\/index.php?rest_route=\/wp\/v2\/media\/253433"}],"wp:attachment":[{"href":"https:\/\/www.ocorreionews.com.br\/acervo-correio\/index.php?rest_route=%2Fwp%2Fv2%2Fmedia&parent=253432"}],"wp:term":[{"taxonomy":"category","embeddable":true,"href":"https:\/\/www.ocorreionews.com.br\/acervo-correio\/index.php?rest_route=%2Fwp%2Fv2%2Fcategories&post=253432"},{"taxonomy":"post_tag","embeddable":true,"href":"https:\/\/www.ocorreionews.com.br\/acervo-correio\/index.php?rest_route=%2Fwp%2Fv2%2Ftags&post=253432"}],"curies":[{"name":"wp","href":"https:\/\/api.w.org\/{rel}","templated":true}]}}