{"id":25350,"date":"2016-04-15T08:28:12","date_gmt":"2016-04-15T12:28:12","guid":{"rendered":"https:\/\/ocorreionews.com.br\/?p=25350"},"modified":"2016-04-15T08:28:12","modified_gmt":"2016-04-15T12:28:12","slug":"ms-deve-entrar-hoje-com-acao-no-stf-para-reduzir-ate-74-da-divida-com-a-uniao","status":"publish","type":"post","link":"https:\/\/www.ocorreionews.com.br\/acervo-correio\/?p=25350","title":{"rendered":"MS deve entrar hoje com a\u00e7\u00e3o no STF para reduzir at\u00e9 74% da d\u00edvida com a Uni\u00e3o"},"content":{"rendered":"<p>Otimista com as liminares do Supremo Tribunal Federal (STF) que j\u00e1 beneficiaram os estados de Santa Catarina, Rio Grande do Sul e Minas Gerais com mudan\u00e7a no c\u00e1lculo da d\u00edvida com a Uni\u00e3o, o Governo de Mato Grosso do Sul deve ingressar hoje com a\u00e7\u00e3o para que os ministros tamb\u00e9m revisem o saldo devedor do Estado, considerando a aplica\u00e7\u00e3o \u00a0de juros simples ao inv\u00e9s de compostos.<\/p>\n<p>Se for beneficiado com decis\u00e3o do STF, o montante da d\u00edvida do MS com a Uni\u00e3o pode ter redu\u00e7\u00e3o de 74%, caindo de R$ 6,118 bilh\u00f5es (em 2013) para R$ 1,584 bilh\u00f5es (atualmente), segundo estudo feito pelo Minist\u00e9rio da Fazenda.<\/p>\n<p>\u201cN\u00f3s estamos fazendo os estudos e o Estado deve ingressar com a\u00e7\u00e3o no STF amanh\u00e3 (sexta-feira). \u00c9 uma decis\u00e3o que o Governo Federal n\u00e3o quer aceitar, ent\u00e3o, os estados precisam entrar com o pedido no Supremo. Naturalmente, devemos ser beneficiados pelo mesmo entendimento que os ministros j\u00e1 tiveram em rela\u00e7\u00e3o aos outros estados\u201d, explica o secret\u00e1rio de Governo e Gest\u00e3o Estrat\u00e9gica (Segov), Eduardo Riedel.<\/p>\n<p>&nbsp;<\/p>\n<p>&nbsp;<\/p>\n<p>&nbsp;<\/p>\n<p>&nbsp;<\/p>\n<p>&nbsp;<\/p>\n<p>&nbsp;<\/p>\n<h6><em><strong>Correio do Estado.<\/strong><\/em><\/h6>\n","protected":false},"excerpt":{"rendered":"<p>Otimista com as liminares do Supremo Tribunal Federal (STF) que j\u00e1 beneficiaram os estados de Santa Catarina, Rio Grande do Sul e Minas Gerais com mudan\u00e7a no c\u00e1lculo da d\u00edvida com a Uni\u00e3o, o Governo de Mato Grosso do Sul deve ingressar hoje com a\u00e7\u00e3o para que os ministros tamb\u00e9m revisem o saldo devedor do [&hellip;]<\/p>\n","protected":false},"author":4,"featured_media":25351,"comment_status":"closed","ping_status":"closed","sticky":false,"template":"","format":"standard","meta":{"footnotes":""},"categories":[26,37],"tags":[],"class_list":["post-25350","post","type-post","status-publish","format-standard","has-post-thumbnail","hentry","category-economia","category-politica"],"_links":{"self":[{"href":"https:\/\/www.ocorreionews.com.br\/acervo-correio\/index.php?rest_route=\/wp\/v2\/posts\/25350","targetHints":{"allow":["GET"]}}],"collection":[{"href":"https:\/\/www.ocorreionews.com.br\/acervo-correio\/index.php?rest_route=\/wp\/v2\/posts"}],"about":[{"href":"https:\/\/www.ocorreionews.com.br\/acervo-correio\/index.php?rest_route=\/wp\/v2\/types\/post"}],"author":[{"embeddable":true,"href":"https:\/\/www.ocorreionews.com.br\/acervo-correio\/index.php?rest_route=\/wp\/v2\/users\/4"}],"replies":[{"embeddable":true,"href":"https:\/\/www.ocorreionews.com.br\/acervo-correio\/index.php?rest_route=%2Fwp%2Fv2%2Fcomments&post=25350"}],"version-history":[{"count":0,"href":"https:\/\/www.ocorreionews.com.br\/acervo-correio\/index.php?rest_route=\/wp\/v2\/posts\/25350\/revisions"}],"wp:featuredmedia":[{"embeddable":true,"href":"https:\/\/www.ocorreionews.com.br\/acervo-correio\/index.php?rest_route=\/wp\/v2\/media\/25351"}],"wp:attachment":[{"href":"https:\/\/www.ocorreionews.com.br\/acervo-correio\/index.php?rest_route=%2Fwp%2Fv2%2Fmedia&parent=25350"}],"wp:term":[{"taxonomy":"category","embeddable":true,"href":"https:\/\/www.ocorreionews.com.br\/acervo-correio\/index.php?rest_route=%2Fwp%2Fv2%2Fcategories&post=25350"},{"taxonomy":"post_tag","embeddable":true,"href":"https:\/\/www.ocorreionews.com.br\/acervo-correio\/index.php?rest_route=%2Fwp%2Fv2%2Ftags&post=25350"}],"curies":[{"name":"wp","href":"https:\/\/api.w.org\/{rel}","templated":true}]}}