{"id":25354,"date":"2016-04-15T08:33:26","date_gmt":"2016-04-15T12:33:26","guid":{"rendered":"https:\/\/ocorreionews.com.br\/?p=25354"},"modified":"2016-04-15T08:33:26","modified_gmt":"2016-04-15T12:33:26","slug":"chapadao-do-ceu-administracao-municipal-vai-construir-refeitorio-para-900-alunos","status":"publish","type":"post","link":"https:\/\/www.ocorreionews.com.br\/acervo-correio\/?p=25354","title":{"rendered":"Chapad\u00e3o do C\u00e9u: Administra\u00e7\u00e3o Municipal vai construir refeit\u00f3rio para 900 alunos"},"content":{"rendered":"<p style=\"text-align: justify;\">A preocupa\u00e7\u00e3o em oferecer infraestrutura e qualidade, para os alunos da rede municipal, a administra\u00e7\u00e3o do prefeito Rog\u00e9rio Graxa, iniciou os servi\u00e7os da obra da constru\u00e7\u00e3o de um refeit\u00f3rio na escola municipal Dona Am\u00e9lia.<\/p>\n<p style=\"text-align: justify;\">Atrav\u00e9s da secret\u00e1ria de educa\u00e7\u00e3o, ser\u00e1 constru\u00eddo um refeit\u00f3rio para atender os 900 alunos da escola.<\/p>\n<p style=\"text-align: justify;\">O Prefeito Graxa, disse que a obra do refeit\u00f3rio, ter\u00e1 outras utilidades para a escola. \u201cAl\u00e9m do refeit\u00f3rio, o local poder\u00e1 ser utilizado para a realiza\u00e7\u00e3o de reuni\u00f5es com pais e professores e at\u00e9 mesmo festas promovidas pela a escola\u201d afirma o prefeito.<\/p>\n<p style=\"text-align: justify;\">Nesta obra, o prefeito Rog\u00e9rio Graxa, procurou uma formula de economia. Ficou estabelecido, que ser\u00e1 adquirido apenas a estrutura met\u00e1lica no valor de R$ 60.000.00 (sessenta mil reais), o restante dos servi\u00e7os, como m\u00e3o de obra e material, que ser\u00e3o utilizados na constru\u00e7\u00e3o, \u00e9 da pr\u00f3pria prefeitura, da secretaria de obras.<\/p>\n<p style=\"text-align: justify;\">\n<p style=\"text-align: justify;\">\u00a0A finaliza\u00e7\u00e3o da obra est\u00e1 prevista para o m\u00eas de junho.<\/p>\n","protected":false},"excerpt":{"rendered":"<p>A preocupa\u00e7\u00e3o em oferecer infraestrutura e qualidade, para os alunos da rede municipal, a administra\u00e7\u00e3o do prefeito Rog\u00e9rio Graxa, iniciou os servi\u00e7os da obra da constru\u00e7\u00e3o de um refeit\u00f3rio na escola municipal Dona Am\u00e9lia. Atrav\u00e9s da secret\u00e1ria de educa\u00e7\u00e3o, ser\u00e1 constru\u00eddo um refeit\u00f3rio para atender os 900 alunos da escola. O Prefeito Graxa, disse que [&hellip;]<\/p>\n","protected":false},"author":4,"featured_media":25355,"comment_status":"closed","ping_status":"closed","sticky":false,"template":"","format":"standard","meta":{"footnotes":""},"categories":[22],"tags":[],"class_list":["post-25354","post","type-post","status-publish","format-standard","has-post-thumbnail","hentry","category-chapadao-do-ceu"],"_links":{"self":[{"href":"https:\/\/www.ocorreionews.com.br\/acervo-correio\/index.php?rest_route=\/wp\/v2\/posts\/25354","targetHints":{"allow":["GET"]}}],"collection":[{"href":"https:\/\/www.ocorreionews.com.br\/acervo-correio\/index.php?rest_route=\/wp\/v2\/posts"}],"about":[{"href":"https:\/\/www.ocorreionews.com.br\/acervo-correio\/index.php?rest_route=\/wp\/v2\/types\/post"}],"author":[{"embeddable":true,"href":"https:\/\/www.ocorreionews.com.br\/acervo-correio\/index.php?rest_route=\/wp\/v2\/users\/4"}],"replies":[{"embeddable":true,"href":"https:\/\/www.ocorreionews.com.br\/acervo-correio\/index.php?rest_route=%2Fwp%2Fv2%2Fcomments&post=25354"}],"version-history":[{"count":0,"href":"https:\/\/www.ocorreionews.com.br\/acervo-correio\/index.php?rest_route=\/wp\/v2\/posts\/25354\/revisions"}],"wp:featuredmedia":[{"embeddable":true,"href":"https:\/\/www.ocorreionews.com.br\/acervo-correio\/index.php?rest_route=\/wp\/v2\/media\/25355"}],"wp:attachment":[{"href":"https:\/\/www.ocorreionews.com.br\/acervo-correio\/index.php?rest_route=%2Fwp%2Fv2%2Fmedia&parent=25354"}],"wp:term":[{"taxonomy":"category","embeddable":true,"href":"https:\/\/www.ocorreionews.com.br\/acervo-correio\/index.php?rest_route=%2Fwp%2Fv2%2Fcategories&post=25354"},{"taxonomy":"post_tag","embeddable":true,"href":"https:\/\/www.ocorreionews.com.br\/acervo-correio\/index.php?rest_route=%2Fwp%2Fv2%2Ftags&post=25354"}],"curies":[{"name":"wp","href":"https:\/\/api.w.org\/{rel}","templated":true}]}}