{"id":253589,"date":"2023-10-06T08:26:28","date_gmt":"2023-10-06T12:26:28","guid":{"rendered":"https:\/\/www.ocorreionews.com.br\/acervo-correio\/?p=253589"},"modified":"2023-10-06T08:26:28","modified_gmt":"2023-10-06T12:26:28","slug":"taxa-do-lixo-entenda-como-vai-funcionar-o-novo-imposto-em-paraiso-das-aguas","status":"publish","type":"post","link":"https:\/\/www.ocorreionews.com.br\/acervo-correio\/?p=253589","title":{"rendered":"Taxa do Lixo: Entenda como vai funcionar o novo imposto em Para\u00edso das \u00c1guas"},"content":{"rendered":"<p>A partir do m\u00eas de outubro, passar\u00e1 a ser cobrado em todo o territ\u00f3rio de Para\u00edso das \u00c1guas a Taxa da Coleta, Remo\u00e7\u00e3o e Destina\u00e7\u00e3o de Res\u00edduos S\u00f3lidos, a \u201cTaxa do Lixo\u201d.<\/p>\n<p>Este imposto n\u00e3o \u00e9 uma cobran\u00e7a imposta pelo munic\u00edpio, trata-se de uma imposi\u00e7\u00e3o do Governo Federal por meio da Lei n\u00ba 14.026\/2020, sancionada em 15 de julho de 2020.<\/p>\n<p>Ap\u00f3s mais de 2 anos sendo adiada sua cobran\u00e7a, o imposto sobre a coleta de lixo, agora, passa a ser obrigat\u00f3rio a todos os munic\u00edpios brasileiros. Caso o executivo municipal de Para\u00edso das \u00c1guas n\u00e3o realize a cobran\u00e7a ser\u00e1 punido por meio do Tribunal de Contas e Minist\u00e9rio P\u00fablico.<\/p>\n<p>Em Para\u00edso das \u00c1guas o imposto ser\u00e1 cobrado por meio de carn\u00ea\u00a0que ser\u00e1 entregue via correios para moradores da sede do munic\u00edpio, e entregue pela equipe do setor de tributos para os moradores dos distritos.<\/p>\n<p><strong>Quem vai pagar o imposto?<\/strong><\/p>\n<p>Com excess\u00e3o de terrenos baldios e \u00f3rg\u00e3os p\u00fablicos (municipais, estaduais e federais), todos ir\u00e3o pagar a taxa do lixo. Isso inclui: resid\u00eancias nas \u00e1reas urbanas e rurais, com\u00e9rcios, ind\u00fastrias, ch\u00e1caras, fazendas, igrejas e at\u00e9 mesmo pessoas isentas de pagar o IPTU.<\/p>\n<p><strong>Quais os crit\u00e9rios para a defini\u00e7\u00e3o do valor a ser cobrado?<\/strong><\/p>\n<p>Os valores s\u00e3o individualizados, isto \u00e9, variam de caso a caso. Para chegar a estes n\u00fameros foram avaliados: se o im\u00f3vel \u00e9 urbano ou rural, se \u00e9 residencial ou comercial, quantas vezes por semana conta com o servi\u00e7o de coleta de lixo, al\u00e9m do tamanho da propriedade.<\/p>\n<p><strong>Pelo que estou pagando?<\/strong><\/p>\n<p>O valor arrecadado com a \u201cTaxa do Lixo\u201d destina-se a custear a coleta, transporte e destina\u00e7\u00e3o dos res\u00edduos \u00famidos. O imposto \u00e9 revertido apenas para este fim, n\u00e3o sendo utilizado desses recursos para nenhuma outra \u00e1rea.<\/p>\n<p><strong>Quais as formas de pagamento?<\/strong><\/p>\n<p>O valor poder\u00e1 ser pago \u00e0 vista (sem desconto), ou ent\u00e3o parcelado em at\u00e9 7 x sem juros. A primeira parcela vence em 30 de outubro de 2023.<\/p>\n<p>Para mais informa\u00e7\u00f5es o Setor de Tributos da Prefeitura (Ramal 207) estar\u00e1 pronto para atender a popula\u00e7\u00e3o. Contato: (67) 3248-1040.<\/p>\n<p>&nbsp;<\/p>\n<p>&nbsp;<\/p>\n<p>*Assessoria<\/p>\n","protected":false},"excerpt":{"rendered":"<p>A partir do m\u00eas de outubro, passar\u00e1 a ser cobrado em todo o territ\u00f3rio de Para\u00edso das \u00c1guas a Taxa da Coleta, Remo\u00e7\u00e3o e Destina\u00e7\u00e3o de Res\u00edduos S\u00f3lidos, a \u201cTaxa do Lixo\u201d. Este imposto n\u00e3o \u00e9 uma cobran\u00e7a imposta pelo munic\u00edpio, trata-se de uma imposi\u00e7\u00e3o do Governo Federal por meio da Lei n\u00ba 14.026\/2020, sancionada [&hellip;]<\/p>\n","protected":false},"author":5,"featured_media":253615,"comment_status":"closed","ping_status":"closed","sticky":false,"template":"","format":"standard","meta":{"footnotes":""},"categories":[36],"tags":[],"class_list":["post-253589","post","type-post","status-publish","format-standard","has-post-thumbnail","hentry","category-paraiso-das-aguas"],"_links":{"self":[{"href":"https:\/\/www.ocorreionews.com.br\/acervo-correio\/index.php?rest_route=\/wp\/v2\/posts\/253589","targetHints":{"allow":["GET"]}}],"collection":[{"href":"https:\/\/www.ocorreionews.com.br\/acervo-correio\/index.php?rest_route=\/wp\/v2\/posts"}],"about":[{"href":"https:\/\/www.ocorreionews.com.br\/acervo-correio\/index.php?rest_route=\/wp\/v2\/types\/post"}],"author":[{"embeddable":true,"href":"https:\/\/www.ocorreionews.com.br\/acervo-correio\/index.php?rest_route=\/wp\/v2\/users\/5"}],"replies":[{"embeddable":true,"href":"https:\/\/www.ocorreionews.com.br\/acervo-correio\/index.php?rest_route=%2Fwp%2Fv2%2Fcomments&post=253589"}],"version-history":[{"count":1,"href":"https:\/\/www.ocorreionews.com.br\/acervo-correio\/index.php?rest_route=\/wp\/v2\/posts\/253589\/revisions"}],"predecessor-version":[{"id":253617,"href":"https:\/\/www.ocorreionews.com.br\/acervo-correio\/index.php?rest_route=\/wp\/v2\/posts\/253589\/revisions\/253617"}],"wp:featuredmedia":[{"embeddable":true,"href":"https:\/\/www.ocorreionews.com.br\/acervo-correio\/index.php?rest_route=\/wp\/v2\/media\/253615"}],"wp:attachment":[{"href":"https:\/\/www.ocorreionews.com.br\/acervo-correio\/index.php?rest_route=%2Fwp%2Fv2%2Fmedia&parent=253589"}],"wp:term":[{"taxonomy":"category","embeddable":true,"href":"https:\/\/www.ocorreionews.com.br\/acervo-correio\/index.php?rest_route=%2Fwp%2Fv2%2Fcategories&post=253589"},{"taxonomy":"post_tag","embeddable":true,"href":"https:\/\/www.ocorreionews.com.br\/acervo-correio\/index.php?rest_route=%2Fwp%2Fv2%2Ftags&post=253589"}],"curies":[{"name":"wp","href":"https:\/\/api.w.org\/{rel}","templated":true}]}}