{"id":25359,"date":"2016-04-15T08:46:21","date_gmt":"2016-04-15T12:46:21","guid":{"rendered":"https:\/\/ocorreionews.com.br\/?p=25359"},"modified":"2016-04-15T08:46:21","modified_gmt":"2016-04-15T12:46:21","slug":"pai-suspeito-de-estuprar-filha-de-9-anos-em-ms-morre-em-cela-diz-policia","status":"publish","type":"post","link":"https:\/\/www.ocorreionews.com.br\/acervo-correio\/?p=25359","title":{"rendered":"Pai suspeito de estuprar filha de 9 anos em MS morre em cela, diz pol\u00edcia"},"content":{"rendered":"<p>O homem de 42 anos suspeito de estuprar a filha de 9, em Corumb\u00e1, a 415 quil\u00f4metros de Campo Grande, morreu nessa quinta-feira (14) em uma das celas da 1\u00aa Delegacia de Pol\u00edcia Civil.<\/p>\n<p>Segundo informa\u00e7\u00f5es da Pol\u00edcia Civil, ele foi encontrado morto enquanto esperava para prestar depoimento. Os policiais disseram ainda que o suspeito se matou com um fio de energia enrolado no pesco\u00e7o. O caso ser\u00e1 investigado.<\/p>\n<p><strong>Abuso<\/strong><br \/>\nO homem foi preso na quarta-feira (13), bairro Aeroporto. A pol\u00edcia foi acionada depois que a filha de 18 anos desconfiou e armou o flagrante.<\/p>\n<p>Segundo a Pol\u00edcia Militar (PM), ao desconfiar do pai, a jovem fingiu estar dormindo e depois de alguns minutos ouviu um barulho e a voz do suspeito em tom baixo. Ela acendeu as luzes e flagrou o pai em cima da menina, que estava com shorts abaixado.<\/p>\n<p>O homem jogou um cobertor em cima da crian\u00e7a e correu at\u00e9 a cozinha da resid\u00eancia onde pegou uma faca e passou a fazer amea\u00e7as aos filhos. Neste momento, a PM foi acionada.<\/p>\n<p><strong>Recorrente<\/strong><br \/>\nA menina disse \u00e0 pol\u00edcia que o pai usou o dedo para abus\u00e1-la e que esse fato vem ocorrendo h\u00e1 meses, mas n\u00e3o contou aos familiares por ter medo de ningu\u00e9m acreditar. A filha mais velha que armou o flagrante tamb\u00e9m teria sido v\u00edtima de abusos do suspeito.<\/p>\n<p>O autor j\u00e1 tinha passagens pelos crimes de estupro de vulner\u00e1vel e amea\u00e7a. Na casa havia seis crian\u00e7as que ficaram sob responsabilidade da irm\u00e3 de 18 anos, j\u00e1 que a m\u00e3e \u00e9 falecida, segundo a pol\u00edcia.<\/p>\n<p>&nbsp;<\/p>\n<p>&nbsp;<\/p>\n<p>&nbsp;<\/p>\n<p>G1 MS<\/p>\n","protected":false},"excerpt":{"rendered":"<p>O homem de 42 anos suspeito de estuprar a filha de 9, em Corumb\u00e1, a 415 quil\u00f4metros de Campo Grande, morreu nessa quinta-feira (14) em uma das celas da 1\u00aa Delegacia de Pol\u00edcia Civil. Segundo informa\u00e7\u00f5es da Pol\u00edcia Civil, ele foi encontrado morto enquanto esperava para prestar depoimento. Os policiais disseram ainda que o suspeito [&hellip;]<\/p>\n","protected":false},"author":4,"featured_media":4248,"comment_status":"closed","ping_status":"closed","sticky":false,"template":"","format":"standard","meta":{"footnotes":""},"categories":[38],"tags":[],"class_list":["post-25359","post","type-post","status-publish","format-standard","has-post-thumbnail","hentry","category-policia"],"_links":{"self":[{"href":"https:\/\/www.ocorreionews.com.br\/acervo-correio\/index.php?rest_route=\/wp\/v2\/posts\/25359","targetHints":{"allow":["GET"]}}],"collection":[{"href":"https:\/\/www.ocorreionews.com.br\/acervo-correio\/index.php?rest_route=\/wp\/v2\/posts"}],"about":[{"href":"https:\/\/www.ocorreionews.com.br\/acervo-correio\/index.php?rest_route=\/wp\/v2\/types\/post"}],"author":[{"embeddable":true,"href":"https:\/\/www.ocorreionews.com.br\/acervo-correio\/index.php?rest_route=\/wp\/v2\/users\/4"}],"replies":[{"embeddable":true,"href":"https:\/\/www.ocorreionews.com.br\/acervo-correio\/index.php?rest_route=%2Fwp%2Fv2%2Fcomments&post=25359"}],"version-history":[{"count":0,"href":"https:\/\/www.ocorreionews.com.br\/acervo-correio\/index.php?rest_route=\/wp\/v2\/posts\/25359\/revisions"}],"wp:featuredmedia":[{"embeddable":true,"href":"https:\/\/www.ocorreionews.com.br\/acervo-correio\/index.php?rest_route=\/wp\/v2\/media\/4248"}],"wp:attachment":[{"href":"https:\/\/www.ocorreionews.com.br\/acervo-correio\/index.php?rest_route=%2Fwp%2Fv2%2Fmedia&parent=25359"}],"wp:term":[{"taxonomy":"category","embeddable":true,"href":"https:\/\/www.ocorreionews.com.br\/acervo-correio\/index.php?rest_route=%2Fwp%2Fv2%2Fcategories&post=25359"},{"taxonomy":"post_tag","embeddable":true,"href":"https:\/\/www.ocorreionews.com.br\/acervo-correio\/index.php?rest_route=%2Fwp%2Fv2%2Ftags&post=25359"}],"curies":[{"name":"wp","href":"https:\/\/api.w.org\/{rel}","templated":true}]}}