{"id":253621,"date":"2023-10-06T09:22:31","date_gmt":"2023-10-06T13:22:31","guid":{"rendered":"https:\/\/www.ocorreionews.com.br\/acervo-correio\/?p=253621"},"modified":"2023-10-06T09:26:52","modified_gmt":"2023-10-06T13:26:52","slug":"acusados-de-matar-jovem-em-paranaiba-sao-condenados-a-31-anos-de-prisao","status":"publish","type":"post","link":"https:\/\/www.ocorreionews.com.br\/acervo-correio\/?p=253621","title":{"rendered":"Acusados de matar jovem em Parana\u00edba s\u00e3o condenados a 31 anos de pris\u00e3o"},"content":{"rendered":"<p>Os dois acusados de matar a tiros o jovem <a href=\"https:\/\/www.ocorreionews.com.br\/acervo-correio\/paranaibadupla-e-presa-apos-matar-jovem-com-tiro-na-cabeca\/\">Hugo Garcia de Souza Ribeiro da Silva, 24 anos,<\/a> em Parana\u00edba &#8211; MS, foram condenados pelo Conselho de Senten\u00e7a. O jovem foi morto com um tiro na cabe\u00e7a, pr\u00f3ximo de sua casa, em maio de 2021.<\/p>\n<p>Nelson Louren\u00e7o de Souza foi condenado a 20 anos e 20 meses de reclus\u00e3o e Leonado da Maia Vieira foi condenado a 11 anos e 3 meses de reclus\u00e3o. A senten\u00e7a condenat\u00f3ria foi publicada nesta sexta-feira (6), no Di\u00e1rio da Justi\u00e7a.<\/p>\n<p>Uma mensagem enviada \u00e0 namorada de Hugo teria sido motivo para o assassinaro na \u00e9poca.<\/p>\n<h2 id=\"h-o-assassinato\" class=\"wp-block-heading\">O assassinato<\/h2>\n<p>Na \u00e9poca, uma testemunha viu uma dupla de moto atirando contra a cabe\u00e7a do rapaz. Ele ainda correu para dentro de casa onde caiu em cima de um sof\u00e1, j\u00e1 sem vida. O delegado Igor Mendes disse que no dia do crime, o autor, de 26 anos, enviou uma mensagem via celular para a namorada de Hugo.<\/p>\n<p>A v\u00edtima ent\u00e3o teria discutido com o autor, fato que levou ao crime. \u201cO autor teria enviado mensagem para a namorada da v\u00edtima, que n\u00e3o teria gostado e foi tirar satisfa\u00e7\u00e3o com o autor, o que gerou uma discuss\u00e3o entre os dois e acabou na morte do jovem\u201d, disse o delegado. Uma terceira pessoa tamb\u00e9m foi presa por posse ilegal de arma de fogo.<\/p>\n<figure style=\"width: 473px\" class=\"wp-caption aligncenter\"><img loading=\"lazy\" decoding=\"async\" src=\"https:\/\/i0.wp.com\/jornaltribunalivre.com\/wp-content\/uploads\/2021\/05\/a982fb4a-dc72-40c5-bfcc-1cb3501d06d6-1.jpg?resize=473%2C1024&amp;ssl=1\" alt=\"\" width=\"473\" height=\"1024\" \/><figcaption class=\"wp-caption-text\">Dupla foi presa tr\u00eas dias ap\u00f3s o crime<\/figcaption><\/figure>\n<figure style=\"width: 598px\" class=\"wp-caption aligncenter\"><img loading=\"lazy\" decoding=\"async\" class=\"attachment-post-thumbnail wp-post-image\" src=\"https:\/\/www.pc.ms.gov.br\/wp-content\/uploads\/2021\/05\/IMG-20210526-WA0011.jpg\" sizes=\"auto, (max-width: 1280px) 100vw, 1280px\" srcset=\"https:\/\/www.pc.ms.gov.br\/wp-content\/uploads\/2021\/05\/IMG-20210526-WA0011.jpg 1280w, https:\/\/www.pc.ms.gov.br\/wp-content\/uploads\/2021\/05\/IMG-20210526-WA0011-300x225.jpg 300w, https:\/\/www.pc.ms.gov.br\/wp-content\/uploads\/2021\/05\/IMG-20210526-WA0011-1024x768.jpg 1024w, https:\/\/www.pc.ms.gov.br\/wp-content\/uploads\/2021\/05\/IMG-20210526-WA0011-768x576.jpg 768w\" alt=\"\" width=\"598\" height=\"449\" \/><figcaption class=\"wp-caption-text\">Arma utilizada no crime<\/figcaption><\/figure>\n<p>&nbsp;<\/p>\n<p>*Midiamax, Thatiana Melo<\/p>\n","protected":false},"excerpt":{"rendered":"<p>Os dois acusados de matar a tiros o jovem Hugo Garcia de Souza Ribeiro da Silva, 24 anos, em Parana\u00edba &#8211; MS, foram condenados pelo Conselho de Senten\u00e7a. O jovem foi morto com um tiro na cabe\u00e7a, pr\u00f3ximo de sua casa, em maio de 2021. Nelson Louren\u00e7o de Souza foi condenado a 20 anos e [&hellip;]<\/p>\n","protected":false},"author":5,"featured_media":176222,"comment_status":"closed","ping_status":"closed","sticky":false,"template":"","format":"standard","meta":{"footnotes":""},"categories":[38,143],"tags":[],"class_list":["post-253621","post","type-post","status-publish","format-standard","has-post-thumbnail","hentry","category-policia","category-regional"],"_links":{"self":[{"href":"https:\/\/www.ocorreionews.com.br\/acervo-correio\/index.php?rest_route=\/wp\/v2\/posts\/253621","targetHints":{"allow":["GET"]}}],"collection":[{"href":"https:\/\/www.ocorreionews.com.br\/acervo-correio\/index.php?rest_route=\/wp\/v2\/posts"}],"about":[{"href":"https:\/\/www.ocorreionews.com.br\/acervo-correio\/index.php?rest_route=\/wp\/v2\/types\/post"}],"author":[{"embeddable":true,"href":"https:\/\/www.ocorreionews.com.br\/acervo-correio\/index.php?rest_route=\/wp\/v2\/users\/5"}],"replies":[{"embeddable":true,"href":"https:\/\/www.ocorreionews.com.br\/acervo-correio\/index.php?rest_route=%2Fwp%2Fv2%2Fcomments&post=253621"}],"version-history":[{"count":3,"href":"https:\/\/www.ocorreionews.com.br\/acervo-correio\/index.php?rest_route=\/wp\/v2\/posts\/253621\/revisions"}],"predecessor-version":[{"id":253628,"href":"https:\/\/www.ocorreionews.com.br\/acervo-correio\/index.php?rest_route=\/wp\/v2\/posts\/253621\/revisions\/253628"}],"wp:featuredmedia":[{"embeddable":true,"href":"https:\/\/www.ocorreionews.com.br\/acervo-correio\/index.php?rest_route=\/wp\/v2\/media\/176222"}],"wp:attachment":[{"href":"https:\/\/www.ocorreionews.com.br\/acervo-correio\/index.php?rest_route=%2Fwp%2Fv2%2Fmedia&parent=253621"}],"wp:term":[{"taxonomy":"category","embeddable":true,"href":"https:\/\/www.ocorreionews.com.br\/acervo-correio\/index.php?rest_route=%2Fwp%2Fv2%2Fcategories&post=253621"},{"taxonomy":"post_tag","embeddable":true,"href":"https:\/\/www.ocorreionews.com.br\/acervo-correio\/index.php?rest_route=%2Fwp%2Fv2%2Ftags&post=253621"}],"curies":[{"name":"wp","href":"https:\/\/api.w.org\/{rel}","templated":true}]}}