{"id":253640,"date":"2023-10-06T13:56:07","date_gmt":"2023-10-06T17:56:07","guid":{"rendered":"https:\/\/www.ocorreionews.com.br\/acervo-correio\/?p=253640"},"modified":"2023-10-06T13:57:08","modified_gmt":"2023-10-06T17:57:08","slug":"familiares-convidam-para-missa-do-7-dia-de-falecimento-da-pioneira-de-chapadao-do-sul-irani-ribeiro-liber","status":"publish","type":"post","link":"https:\/\/www.ocorreionews.com.br\/acervo-correio\/?p=253640","title":{"rendered":"Familiares convidam para Missa do 7\u00b0 Dia de Falecimento da pioneira de Chapad\u00e3o do Sul Irani Ribeiro Liber"},"content":{"rendered":"<p><span data-contrast=\"auto\">Os familiares da professora e pioneira de Chapad\u00e3o do Sul Irani Ribeiro Liber convidam para missa do 7\u00b0 Dia do seu falecimento, que ser\u00e1 realizado neste s\u00e1bado (07), as 19h na Igreja Matriz S\u00e3o Pedro Apostolo.<\/span><span data-ccp-props=\"{&quot;201341983&quot;:0,&quot;335559739&quot;:160,&quot;335559740&quot;:259}\">\u00a0<\/span><\/p>\n<p><span data-contrast=\"none\"><a href=\"https:\/\/www.ocorreionews.com.br\/acervo-correio\/faleceu-a-pioneira-de-chapadao-do-sul-irani-ribeiro-liber\/\">Professora Irani que faleceu no \u00faltimo domingo (01)<\/a>, foi mais do que uma educadora exemplar; ela foi uma inspira\u00e7\u00e3o para gera\u00e7\u00f5es, moldando mentes jovens e contribuindo significativamente para o desenvolvimento educacional de Chapad\u00e3o do Sul. Sua paix\u00e3o pelo ensino e sua habilidade como artista pl\u00e1stica deixaram uma marca indel\u00e9vel em nossa comunidade. Seu legado \u00e9 eterno, e seu trabalho continuar\u00e1 a inspirar e impactar positivamente as vidas daqueles que ela tocou com seu conhecimento e gentileza.<\/span><span data-ccp-props=\"{&quot;134233117&quot;:false,&quot;134233118&quot;:false,&quot;201341983&quot;:0,&quot;335551550&quot;:0,&quot;335551620&quot;:0,&quot;335559738&quot;:0,&quot;335559739&quot;:255,&quot;335559740&quot;:259}\">\u00a0<\/span><\/p>\n<p><span data-contrast=\"none\">A Professora Irani foi diretora da primeira escola estadual de Chapad\u00e3o do Sul, cidade que chegou no ano de 1.980, acompanhando a fam\u00edlia de agricultores. Irani tamb\u00e9m \u00e9 uma das autoras do hino de Chapad\u00e3o do Sul juntamente com Ana Maria Lorenzon.<\/span><span data-ccp-props=\"{&quot;134233117&quot;:false,&quot;134233118&quot;:false,&quot;201341983&quot;:0,&quot;335551550&quot;:0,&quot;335551620&quot;:0,&quot;335559738&quot;:0,&quot;335559739&quot;:255,&quot;335559740&quot;:259}\">\u00a0<\/span><\/p>\n<p><img loading=\"lazy\" decoding=\"async\" class=\"wp-image-253642 aligncenter\" src=\"https:\/\/www.ocorreionews.com.br\/acervo-correio\/wp-content\/uploads\/2023\/10\/missa-irani-01.jpg\" alt=\"\" width=\"603\" height=\"853\" srcset=\"https:\/\/www.ocorreionews.com.br\/acervo-correio\/wp-content\/uploads\/2023\/10\/missa-irani-01.jpg 724w, https:\/\/www.ocorreionews.com.br\/acervo-correio\/wp-content\/uploads\/2023\/10\/missa-irani-01-212x300.jpg 212w\" sizes=\"auto, (max-width: 603px) 100vw, 603px\" \/><\/p>\n","protected":false},"excerpt":{"rendered":"<p>Os familiares da professora e pioneira de Chapad\u00e3o do Sul Irani Ribeiro Liber convidam para missa do 7\u00b0 Dia do seu falecimento, que ser\u00e1 realizado neste s\u00e1bado (07), as 19h na Igreja Matriz S\u00e3o Pedro Apostolo.\u00a0 Professora Irani que faleceu no \u00faltimo domingo (01), foi mais do que uma educadora exemplar; ela foi uma inspira\u00e7\u00e3o [&hellip;]<\/p>\n","protected":false},"author":5,"featured_media":253641,"comment_status":"closed","ping_status":"closed","sticky":false,"template":"","format":"standard","meta":{"footnotes":""},"categories":[23,41],"tags":[],"class_list":["post-253640","post","type-post","status-publish","format-standard","has-post-thumbnail","hentry","category-chapadao-do-sul","category-destaque"],"_links":{"self":[{"href":"https:\/\/www.ocorreionews.com.br\/acervo-correio\/index.php?rest_route=\/wp\/v2\/posts\/253640","targetHints":{"allow":["GET"]}}],"collection":[{"href":"https:\/\/www.ocorreionews.com.br\/acervo-correio\/index.php?rest_route=\/wp\/v2\/posts"}],"about":[{"href":"https:\/\/www.ocorreionews.com.br\/acervo-correio\/index.php?rest_route=\/wp\/v2\/types\/post"}],"author":[{"embeddable":true,"href":"https:\/\/www.ocorreionews.com.br\/acervo-correio\/index.php?rest_route=\/wp\/v2\/users\/5"}],"replies":[{"embeddable":true,"href":"https:\/\/www.ocorreionews.com.br\/acervo-correio\/index.php?rest_route=%2Fwp%2Fv2%2Fcomments&post=253640"}],"version-history":[{"count":2,"href":"https:\/\/www.ocorreionews.com.br\/acervo-correio\/index.php?rest_route=\/wp\/v2\/posts\/253640\/revisions"}],"predecessor-version":[{"id":253644,"href":"https:\/\/www.ocorreionews.com.br\/acervo-correio\/index.php?rest_route=\/wp\/v2\/posts\/253640\/revisions\/253644"}],"wp:featuredmedia":[{"embeddable":true,"href":"https:\/\/www.ocorreionews.com.br\/acervo-correio\/index.php?rest_route=\/wp\/v2\/media\/253641"}],"wp:attachment":[{"href":"https:\/\/www.ocorreionews.com.br\/acervo-correio\/index.php?rest_route=%2Fwp%2Fv2%2Fmedia&parent=253640"}],"wp:term":[{"taxonomy":"category","embeddable":true,"href":"https:\/\/www.ocorreionews.com.br\/acervo-correio\/index.php?rest_route=%2Fwp%2Fv2%2Fcategories&post=253640"},{"taxonomy":"post_tag","embeddable":true,"href":"https:\/\/www.ocorreionews.com.br\/acervo-correio\/index.php?rest_route=%2Fwp%2Fv2%2Ftags&post=253640"}],"curies":[{"name":"wp","href":"https:\/\/api.w.org\/{rel}","templated":true}]}}