{"id":253645,"date":"2023-10-06T14:19:36","date_gmt":"2023-10-06T18:19:36","guid":{"rendered":"https:\/\/www.ocorreionews.com.br\/acervo-correio\/?p=253645"},"modified":"2023-10-07T07:18:52","modified_gmt":"2023-10-07T11:18:52","slug":"faleceu-a-professora-de-chapadao-do-sul-maite-marceli-wermuth","status":"publish","type":"post","link":"https:\/\/www.ocorreionews.com.br\/acervo-correio\/?p=253645","title":{"rendered":"Faleceu a professora de Chapad\u00e3o do Sul Mait\u00ea Marc\u00e9li Wermuth"},"content":{"rendered":"<p><span data-contrast=\"auto\">Faleceu no inicio da tarde desta sexta-feira (06), em Chapad\u00e3o do Sul a professora de Educa\u00e7\u00e3o F\u00edsica Mait\u00ea Marc\u00e9li Wermuth, aos 39 anos no Hospital Municipal.<\/span><span data-ccp-props=\"{&quot;201341983&quot;:0,&quot;335559739&quot;:160,&quot;335559740&quot;:259}\">\u00a0<\/span><\/p>\n<p><span data-contrast=\"auto\">Mait\u00ea passou mal, foi encaminhado \u00e0s pressas ao Hospital Municipal de Chapad\u00e3o do Sul pelo Corpo de Bombeiros, onde a equipe m\u00e9dica tentou reanimar ela por algum tempo, mas infelizmente acabou vindo a \u00f3bito.<\/span><span data-ccp-props=\"{&quot;201341983&quot;:0,&quot;335559739&quot;:160,&quot;335559740&quot;:259}\">\u00a0<\/span><\/p>\n<p><span data-contrast=\"auto\">Mait\u00ea era servidora municipal de Chapad\u00e3o do Sul, onde era muito querida entre seus alunos e colegas de profiss\u00e3o.<\/span><span data-ccp-props=\"{&quot;201341983&quot;:0,&quot;335559739&quot;:160,&quot;335559740&quot;:259}\">\u00a0<\/span><\/p>\n<p><span data-contrast=\"auto\">Ainda n\u00e3o h\u00e1 informa\u00e7\u00f5es sobre os atos f\u00fanebres se ir\u00e3o acontecer em Chapad\u00e3o do Sul ou estado do Rio Grande do Sul, onde reside seus familiares.<\/span><span data-ccp-props=\"{&quot;201341983&quot;:0,&quot;335559739&quot;:160,&quot;335559740&quot;:259}\">\u00a0<\/span><\/p>\n","protected":false},"excerpt":{"rendered":"<p>Faleceu no inicio da tarde desta sexta-feira (06), em Chapad\u00e3o do Sul a professora de Educa\u00e7\u00e3o F\u00edsica Mait\u00ea Marc\u00e9li Wermuth, aos 39 anos no Hospital Municipal.\u00a0 Mait\u00ea passou mal, foi encaminhado \u00e0s pressas ao Hospital Municipal de Chapad\u00e3o do Sul pelo Corpo de Bombeiros, onde a equipe m\u00e9dica tentou reanimar ela por algum tempo, mas [&hellip;]<\/p>\n","protected":false},"author":5,"featured_media":253646,"comment_status":"closed","ping_status":"closed","sticky":false,"template":"","format":"standard","meta":{"footnotes":""},"categories":[23],"tags":[],"class_list":["post-253645","post","type-post","status-publish","format-standard","has-post-thumbnail","hentry","category-chapadao-do-sul"],"_links":{"self":[{"href":"https:\/\/www.ocorreionews.com.br\/acervo-correio\/index.php?rest_route=\/wp\/v2\/posts\/253645","targetHints":{"allow":["GET"]}}],"collection":[{"href":"https:\/\/www.ocorreionews.com.br\/acervo-correio\/index.php?rest_route=\/wp\/v2\/posts"}],"about":[{"href":"https:\/\/www.ocorreionews.com.br\/acervo-correio\/index.php?rest_route=\/wp\/v2\/types\/post"}],"author":[{"embeddable":true,"href":"https:\/\/www.ocorreionews.com.br\/acervo-correio\/index.php?rest_route=\/wp\/v2\/users\/5"}],"replies":[{"embeddable":true,"href":"https:\/\/www.ocorreionews.com.br\/acervo-correio\/index.php?rest_route=%2Fwp%2Fv2%2Fcomments&post=253645"}],"version-history":[{"count":1,"href":"https:\/\/www.ocorreionews.com.br\/acervo-correio\/index.php?rest_route=\/wp\/v2\/posts\/253645\/revisions"}],"predecessor-version":[{"id":253647,"href":"https:\/\/www.ocorreionews.com.br\/acervo-correio\/index.php?rest_route=\/wp\/v2\/posts\/253645\/revisions\/253647"}],"wp:featuredmedia":[{"embeddable":true,"href":"https:\/\/www.ocorreionews.com.br\/acervo-correio\/index.php?rest_route=\/wp\/v2\/media\/253646"}],"wp:attachment":[{"href":"https:\/\/www.ocorreionews.com.br\/acervo-correio\/index.php?rest_route=%2Fwp%2Fv2%2Fmedia&parent=253645"}],"wp:term":[{"taxonomy":"category","embeddable":true,"href":"https:\/\/www.ocorreionews.com.br\/acervo-correio\/index.php?rest_route=%2Fwp%2Fv2%2Fcategories&post=253645"},{"taxonomy":"post_tag","embeddable":true,"href":"https:\/\/www.ocorreionews.com.br\/acervo-correio\/index.php?rest_route=%2Fwp%2Fv2%2Ftags&post=253645"}],"curies":[{"name":"wp","href":"https:\/\/api.w.org\/{rel}","templated":true}]}}