{"id":25367,"date":"2016-04-15T09:04:23","date_gmt":"2016-04-15T13:04:23","guid":{"rendered":"https:\/\/ocorreionews.com.br\/?p=25367"},"modified":"2016-04-15T09:04:23","modified_gmt":"2016-04-15T13:04:23","slug":"empresario-e-vitima-de-assalto-a-mao-armada-em-costa-rica","status":"publish","type":"post","link":"https:\/\/www.ocorreionews.com.br\/acervo-correio\/?p=25367","title":{"rendered":"Empres\u00e1rio \u00e9 v\u00edtima de assalto \u00e0 m\u00e3o armada em Costa Rica"},"content":{"rendered":"<p>Mais um assalto assolou o com\u00e9rcio de Costa Rica. Desta vez, dois bandidos armados renderam o propriet\u00e1rio de um bar localizado na Rua Valdomiro Batista Leite, \u00e1rea central da cidade. O fato ocorreu na noite de ontem (14), por volta das 21h.<\/p>\n<p>Segundo informa\u00e7\u00f5es do Boletim de Ocorr\u00eancia, a esposa da v\u00edtima foi quem comunicou a pol\u00edcia sobre o assalto e, na ocasi\u00e3o, informou as caracter\u00edsticas f\u00edsicas e vestimentas dos assaltantes, bem como o ve\u00edculo usado no assalto, uma moto Honda CG, modelo antigo. Ao chegar no local do crime, os policiais encontraram o empres\u00e1rio, de 53 anos, que estava j\u00e1 estava aguardando a presen\u00e7a dos mesmos.<\/p>\n<p>Ainda de acordo com o B.O, a v\u00edtima informou que os ladr\u00f5es chegaram no bar com uma moto vermelha e entraram no local com capacete, logo em seguida, o empurraram para os fundos e anunciaram o assalto, exigindo toda quantia dispon\u00edvel no estabelecimento. O empres\u00e1rio obedeceu aos indiv\u00edduos que fugiram levando a quantia aproximada de R$ 1.000,00 em esp\u00e9cie.<\/p>\n<p>A Pol\u00edcia Militar, com apoio do SIG e GTO, efetuou buscas nas redondezas, mas n\u00e3o encontraram os suspeitos. A v\u00edtima foi encaminhada para a Funda\u00e7\u00e3o Hospitalar para receber atendimento. A pol\u00edcia continuar\u00e1 investigando o caso.<\/p>\n<p>&nbsp;<\/p>\n<p>&nbsp;<\/p>\n<div class=\"clear\"><\/div>\n<div class=\"fonte\">Fonte: MS TODO DIA<\/div>\n","protected":false},"excerpt":{"rendered":"<p>Mais um assalto assolou o com\u00e9rcio de Costa Rica. Desta vez, dois bandidos armados renderam o propriet\u00e1rio de um bar localizado na Rua Valdomiro Batista Leite, \u00e1rea central da cidade. O fato ocorreu na noite de ontem (14), por volta das 21h. Segundo informa\u00e7\u00f5es do Boletim de Ocorr\u00eancia, a esposa da v\u00edtima foi quem comunicou [&hellip;]<\/p>\n","protected":false},"author":4,"featured_media":6084,"comment_status":"closed","ping_status":"closed","sticky":false,"template":"","format":"standard","meta":{"footnotes":""},"categories":[25,38],"tags":[],"class_list":["post-25367","post","type-post","status-publish","format-standard","has-post-thumbnail","hentry","category-costa-rica","category-policia"],"_links":{"self":[{"href":"https:\/\/www.ocorreionews.com.br\/acervo-correio\/index.php?rest_route=\/wp\/v2\/posts\/25367","targetHints":{"allow":["GET"]}}],"collection":[{"href":"https:\/\/www.ocorreionews.com.br\/acervo-correio\/index.php?rest_route=\/wp\/v2\/posts"}],"about":[{"href":"https:\/\/www.ocorreionews.com.br\/acervo-correio\/index.php?rest_route=\/wp\/v2\/types\/post"}],"author":[{"embeddable":true,"href":"https:\/\/www.ocorreionews.com.br\/acervo-correio\/index.php?rest_route=\/wp\/v2\/users\/4"}],"replies":[{"embeddable":true,"href":"https:\/\/www.ocorreionews.com.br\/acervo-correio\/index.php?rest_route=%2Fwp%2Fv2%2Fcomments&post=25367"}],"version-history":[{"count":0,"href":"https:\/\/www.ocorreionews.com.br\/acervo-correio\/index.php?rest_route=\/wp\/v2\/posts\/25367\/revisions"}],"wp:featuredmedia":[{"embeddable":true,"href":"https:\/\/www.ocorreionews.com.br\/acervo-correio\/index.php?rest_route=\/wp\/v2\/media\/6084"}],"wp:attachment":[{"href":"https:\/\/www.ocorreionews.com.br\/acervo-correio\/index.php?rest_route=%2Fwp%2Fv2%2Fmedia&parent=25367"}],"wp:term":[{"taxonomy":"category","embeddable":true,"href":"https:\/\/www.ocorreionews.com.br\/acervo-correio\/index.php?rest_route=%2Fwp%2Fv2%2Fcategories&post=25367"},{"taxonomy":"post_tag","embeddable":true,"href":"https:\/\/www.ocorreionews.com.br\/acervo-correio\/index.php?rest_route=%2Fwp%2Fv2%2Ftags&post=25367"}],"curies":[{"name":"wp","href":"https:\/\/api.w.org\/{rel}","templated":true}]}}