{"id":25371,"date":"2016-04-15T09:24:21","date_gmt":"2016-04-15T13:24:21","guid":{"rendered":"https:\/\/ocorreionews.com.br\/?p=25371"},"modified":"2016-04-15T09:24:21","modified_gmt":"2016-04-15T13:24:21","slug":"falta-de-chuva-ja-compromete-a-safrinha-nas-regioes-dos-chapadoes","status":"publish","type":"post","link":"https:\/\/www.ocorreionews.com.br\/acervo-correio\/?p=25371","title":{"rendered":"Falta de chuva j\u00e1 compromete a safrinha nas regi\u00f5es dos Chapad\u00f5es"},"content":{"rendered":"<p style=\"text-align: justify;\">A safrinha de milho dos munic\u00edpios de Chapad\u00e3o do Sul, do C\u00e9u e Costa Rica, est\u00e1 com sua produ\u00e7\u00e3o comprometida, devido \u00e0 falta de chuva.<\/p>\n<p style=\"text-align: justify;\">H\u00e1 mais de 15 dias n\u00e3o chove em muitas \u00e1reas e com isso, os produtores est\u00e3o apreensivos com o desenvolvimento do milho safrinha.<\/p>\n<p style=\"text-align: justify;\">A foto mostra uma \u00e1rea no munic\u00edpio de Costa Rica (ba\u00fas) a mais atingida pela falta de chuva<\/p>\n<p style=\"text-align: justify;\">Em determinadas \u00e1reas, que foram plantadas no final do m\u00eas passado, j\u00e1 \u00e9 dada como certa a perda na produ\u00e7\u00e3o. Segundo levantamentos, a m\u00e9dia de produ\u00e7\u00e3o desses munic\u00edpios que seria em torno de 150 sacas por hectares, com certeza n\u00e3o passar\u00e1 de 120 sacas.<\/p>\n<p style=\"text-align: justify;\">Pelo segundo ano consecutivo, as chuvas foram interrompidas de forma brusca e com isso os solos perde a capacidade de reter \u00e1gua justamente nesse per\u00edodo onde a cultura mais necessita, para o desenvolvimento das espigas.<\/p>\n<p style=\"text-align: justify;\">Em Chapad\u00e3o do Sul, a \u00faltima chuva foi no dia 27 de mar\u00e7o, com 38.90 mil\u00edmetros, conforme dados da esta\u00e7\u00e3o da fazenda Campo Bom.<\/p>\n<p style=\"text-align: justify;\">A eleva\u00e7\u00e3o da temperatura nos \u00faltimos 15 dias est\u00e1 em torno de 31\u00ba.<\/p>\n<p style=\"text-align: justify;\">Caso n\u00e3o ocorra uma chuva nos pr\u00f3ximos 05 dias, toda a safrinha de milho, estar\u00e1 praticamente comprometida.<\/p>\n","protected":false},"excerpt":{"rendered":"<p>A safrinha de milho dos munic\u00edpios de Chapad\u00e3o do Sul, do C\u00e9u e Costa Rica, est\u00e1 com sua produ\u00e7\u00e3o comprometida, devido \u00e0 falta de chuva. H\u00e1 mais de 15 dias n\u00e3o chove em muitas \u00e1reas e com isso, os produtores est\u00e3o apreensivos com o desenvolvimento do milho safrinha. A foto mostra uma \u00e1rea no munic\u00edpio [&hellip;]<\/p>\n","protected":false},"author":4,"featured_media":25372,"comment_status":"closed","ping_status":"closed","sticky":false,"template":"","format":"standard","meta":{"footnotes":""},"categories":[17],"tags":[],"class_list":["post-25371","post","type-post","status-publish","format-standard","has-post-thumbnail","hentry","category-agropecuaria"],"_links":{"self":[{"href":"https:\/\/www.ocorreionews.com.br\/acervo-correio\/index.php?rest_route=\/wp\/v2\/posts\/25371","targetHints":{"allow":["GET"]}}],"collection":[{"href":"https:\/\/www.ocorreionews.com.br\/acervo-correio\/index.php?rest_route=\/wp\/v2\/posts"}],"about":[{"href":"https:\/\/www.ocorreionews.com.br\/acervo-correio\/index.php?rest_route=\/wp\/v2\/types\/post"}],"author":[{"embeddable":true,"href":"https:\/\/www.ocorreionews.com.br\/acervo-correio\/index.php?rest_route=\/wp\/v2\/users\/4"}],"replies":[{"embeddable":true,"href":"https:\/\/www.ocorreionews.com.br\/acervo-correio\/index.php?rest_route=%2Fwp%2Fv2%2Fcomments&post=25371"}],"version-history":[{"count":0,"href":"https:\/\/www.ocorreionews.com.br\/acervo-correio\/index.php?rest_route=\/wp\/v2\/posts\/25371\/revisions"}],"wp:featuredmedia":[{"embeddable":true,"href":"https:\/\/www.ocorreionews.com.br\/acervo-correio\/index.php?rest_route=\/wp\/v2\/media\/25372"}],"wp:attachment":[{"href":"https:\/\/www.ocorreionews.com.br\/acervo-correio\/index.php?rest_route=%2Fwp%2Fv2%2Fmedia&parent=25371"}],"wp:term":[{"taxonomy":"category","embeddable":true,"href":"https:\/\/www.ocorreionews.com.br\/acervo-correio\/index.php?rest_route=%2Fwp%2Fv2%2Fcategories&post=25371"},{"taxonomy":"post_tag","embeddable":true,"href":"https:\/\/www.ocorreionews.com.br\/acervo-correio\/index.php?rest_route=%2Fwp%2Fv2%2Ftags&post=25371"}],"curies":[{"name":"wp","href":"https:\/\/api.w.org\/{rel}","templated":true}]}}