{"id":25374,"date":"2016-04-15T09:37:33","date_gmt":"2016-04-15T13:37:33","guid":{"rendered":"https:\/\/ocorreionews.com.br\/?p=25374"},"modified":"2016-04-15T09:37:33","modified_gmt":"2016-04-15T13:37:33","slug":"contra-impeachment-manifestantes-bloqueiam-duas-rodovias-em-ms","status":"publish","type":"post","link":"https:\/\/www.ocorreionews.com.br\/acervo-correio\/?p=25374","title":{"rendered":"Contra impeachment, manifestantes bloqueiam duas rodovias em MS"},"content":{"rendered":"<p>Horas depois do Supremo Tribunal Federal (STF) definir pela continuidade do processo de vota\u00e7\u00e3o do impeachment da presidente Dilma Rousseff (PT), que ser\u00e1 no domingo (17), manifestantes do movimento sem-terra protestam e fecham duas rodovias federais que cortam Mato Grosso do Sul.<\/p>\n<p>De acordo com a Pol\u00edcia Rodovi\u00e1ria Federal (PRF), sem-terra fecham trecho da BR-163 em Mundo Novo desde \u00e0s 5h30 da manh\u00e3 de hoje. O congestionamento na pista chega a 1 quil\u00f4metro nos dois sentidos.<\/p>\n<p>Os manifestantes, que nesse ponto somam cerca de 100 pessoas, gritam palavras de ordem e reivindicam \u201ccumprimento \u00e0 democracia\u201d, segundo a PRF.<\/p>\n<p>Outro bloqueio \u00e9 registrado na BR-262 em Terenos. S\u00e3o cerca de 50 sem-terra que tamb\u00e9m apoiam a presidente Dilma Rousseff sem previs\u00e3o para libera\u00e7\u00e3o da pista.<\/p>\n<p>Em Anhandu\u00ed, distrito de Campo Grande, manifestantes iniciaram aglomera\u00e7\u00e3o na BR-163 e h\u00e1 previs\u00e3o de que a pista tamb\u00e9m seja fechada.<\/p>\n<p><strong>IMPEACHMENT<\/strong><\/p>\n<p>Por maioria de votos, os ministros rejeitaram a\u00e7\u00e3o do PCdoB e dos deputados Weverton Rocha (PDT-MA) e Rubens Pereira J\u00fanior (PcdoB-MA) para anular as regras definidas pelo presidente da C\u00e2mara dos Deputados, Eduardo Cunha (PMDB-RJ).\u00a0 Os ministros Teori Zavascki, Rosa Weber, Luiz Fux, Carmen L\u00facia, Gilmar Mendes e Celso de Mello divergiram do relator, Marco Aur\u00e9lio, por entenderem que n\u00e3o houve ilegalidade na interpreta\u00e7\u00e3o do regimento interno da Casa por parte de Cunha.<\/p>\n<p>A maioria dos ministros tamb\u00e9m decidiu manter em tramita\u00e7\u00e3o na C\u00e2mara dos Deputados o processo de\u00a0impeachment.\u00a0 A Corte rejeitou pedido liminar da Advocacia-Geral da Uni\u00e3o (AGU) para anular o processo.<\/p>\n<p>&nbsp;<\/p>\n<p>&nbsp;<\/p>\n<p>&nbsp;<\/p>\n<p>Correio do Estado<\/p>\n","protected":false},"excerpt":{"rendered":"<p>Horas depois do Supremo Tribunal Federal (STF) definir pela continuidade do processo de vota\u00e7\u00e3o do impeachment da presidente Dilma Rousseff (PT), que ser\u00e1 no domingo (17), manifestantes do movimento sem-terra protestam e fecham duas rodovias federais que cortam Mato Grosso do Sul. De acordo com a Pol\u00edcia Rodovi\u00e1ria Federal (PRF), sem-terra fecham trecho da BR-163 [&hellip;]<\/p>\n","protected":false},"author":4,"featured_media":25375,"comment_status":"closed","ping_status":"closed","sticky":false,"template":"","format":"standard","meta":{"footnotes":""},"categories":[38,37],"tags":[],"class_list":["post-25374","post","type-post","status-publish","format-standard","has-post-thumbnail","hentry","category-policia","category-politica"],"_links":{"self":[{"href":"https:\/\/www.ocorreionews.com.br\/acervo-correio\/index.php?rest_route=\/wp\/v2\/posts\/25374","targetHints":{"allow":["GET"]}}],"collection":[{"href":"https:\/\/www.ocorreionews.com.br\/acervo-correio\/index.php?rest_route=\/wp\/v2\/posts"}],"about":[{"href":"https:\/\/www.ocorreionews.com.br\/acervo-correio\/index.php?rest_route=\/wp\/v2\/types\/post"}],"author":[{"embeddable":true,"href":"https:\/\/www.ocorreionews.com.br\/acervo-correio\/index.php?rest_route=\/wp\/v2\/users\/4"}],"replies":[{"embeddable":true,"href":"https:\/\/www.ocorreionews.com.br\/acervo-correio\/index.php?rest_route=%2Fwp%2Fv2%2Fcomments&post=25374"}],"version-history":[{"count":0,"href":"https:\/\/www.ocorreionews.com.br\/acervo-correio\/index.php?rest_route=\/wp\/v2\/posts\/25374\/revisions"}],"wp:featuredmedia":[{"embeddable":true,"href":"https:\/\/www.ocorreionews.com.br\/acervo-correio\/index.php?rest_route=\/wp\/v2\/media\/25375"}],"wp:attachment":[{"href":"https:\/\/www.ocorreionews.com.br\/acervo-correio\/index.php?rest_route=%2Fwp%2Fv2%2Fmedia&parent=25374"}],"wp:term":[{"taxonomy":"category","embeddable":true,"href":"https:\/\/www.ocorreionews.com.br\/acervo-correio\/index.php?rest_route=%2Fwp%2Fv2%2Fcategories&post=25374"},{"taxonomy":"post_tag","embeddable":true,"href":"https:\/\/www.ocorreionews.com.br\/acervo-correio\/index.php?rest_route=%2Fwp%2Fv2%2Ftags&post=25374"}],"curies":[{"name":"wp","href":"https:\/\/api.w.org\/{rel}","templated":true}]}}