{"id":253777,"date":"2023-10-09T08:21:28","date_gmt":"2023-10-09T12:21:28","guid":{"rendered":"https:\/\/www.ocorreionews.com.br\/acervo-correio\/?p=253777"},"modified":"2023-10-09T08:21:28","modified_gmt":"2023-10-09T12:21:28","slug":"em-goias-duas-pessoas-morrem-em-acidente-envolvendo-ambulancia","status":"publish","type":"post","link":"https:\/\/www.ocorreionews.com.br\/acervo-correio\/?p=253777","title":{"rendered":"Em Goi\u00e1s duas pessoas morrem em acidente envolvendo Ambul\u00e2ncia"},"content":{"rendered":"<div class=\"x11i5rnm xat24cr x1mh8g0r x1vvkbs xtlvy1s x126k92a\">\n<div dir=\"auto\">\n<p>Um acidente de tr\u00e2nsito envolvendo uma ambul\u00e2ncia do SAMU de Ipameri e um carro deixou duas pessoas mortas e quatro feridas na GO-020, entre Bela Vista de Goi\u00e1s e Cristian\u00f3polis. A colis\u00e3o aconteceu na noite de domingo. Entre as v\u00edtimas fatais est\u00e1 uma crian\u00e7a.<\/p>\n<p>Segundo informa\u00e7\u00f5es iniciais, o motorista do VW Gol teria feito uma ultrapassagem proibida e colidiu contra a ambul\u00e2ncia.<\/p>\n<p>De acordo com o Corpo de Bombeiros, em raz\u00e3o da colis\u00e3o, duas v\u00edtimas que estavam a bordo da ambul\u00e2ncia ficaram presas \u00e0s ferragens.<\/p>\n<p><img loading=\"lazy\" decoding=\"async\" class=\"alignnone wp-image-253780 size-full\" src=\"https:\/\/www.ocorreionews.com.br\/acervo-correio\/wp-content\/uploads\/2023\/10\/aci-ambu-do-samu2.png\" alt=\"\" width=\"765\" height=\"644\" srcset=\"https:\/\/www.ocorreionews.com.br\/acervo-correio\/wp-content\/uploads\/2023\/10\/aci-ambu-do-samu2.png 765w, https:\/\/www.ocorreionews.com.br\/acervo-correio\/wp-content\/uploads\/2023\/10\/aci-ambu-do-samu2-300x253.png 300w\" sizes=\"auto, (max-width: 765px) 100vw, 765px\" \/><\/p>\n<p>No total, seis pessoas foram afetadas pelo acidente. Duas delas faleceram no local, sendo uma crian\u00e7a e um adulto.<\/p>\n<p>Uma segunda crian\u00e7a foi transportada para o Hospital de Urg\u00eancias Governador Ot\u00e1vio Lage (Hugol). Duas v\u00edtimas ainda n\u00e3o identificadas tamb\u00e9m foram levadas para o referido hospital.<\/p>\n<p>At\u00e9 o momento, n\u00e3o h\u00e1 informa\u00e7\u00f5es sobre o estado de sa\u00fade das v\u00edtimas.<\/p>\n<p>Fonte: Mais Goi\u00e1s<\/p>\n<\/div>\n<\/div>\n","protected":false},"excerpt":{"rendered":"<p>Um acidente de tr\u00e2nsito envolvendo uma ambul\u00e2ncia do SAMU de Ipameri e um carro deixou duas pessoas mortas e quatro feridas na GO-020, entre Bela Vista de Goi\u00e1s e Cristian\u00f3polis. A colis\u00e3o aconteceu na noite de domingo. Entre as v\u00edtimas fatais est\u00e1 uma crian\u00e7a. Segundo informa\u00e7\u00f5es iniciais, o motorista do VW Gol teria feito uma [&hellip;]<\/p>\n","protected":false},"author":4,"featured_media":253779,"comment_status":"closed","ping_status":"closed","sticky":false,"template":"","format":"standard","meta":{"footnotes":""},"categories":[38],"tags":[],"class_list":["post-253777","post","type-post","status-publish","format-standard","has-post-thumbnail","hentry","category-policia"],"_links":{"self":[{"href":"https:\/\/www.ocorreionews.com.br\/acervo-correio\/index.php?rest_route=\/wp\/v2\/posts\/253777","targetHints":{"allow":["GET"]}}],"collection":[{"href":"https:\/\/www.ocorreionews.com.br\/acervo-correio\/index.php?rest_route=\/wp\/v2\/posts"}],"about":[{"href":"https:\/\/www.ocorreionews.com.br\/acervo-correio\/index.php?rest_route=\/wp\/v2\/types\/post"}],"author":[{"embeddable":true,"href":"https:\/\/www.ocorreionews.com.br\/acervo-correio\/index.php?rest_route=\/wp\/v2\/users\/4"}],"replies":[{"embeddable":true,"href":"https:\/\/www.ocorreionews.com.br\/acervo-correio\/index.php?rest_route=%2Fwp%2Fv2%2Fcomments&post=253777"}],"version-history":[{"count":1,"href":"https:\/\/www.ocorreionews.com.br\/acervo-correio\/index.php?rest_route=\/wp\/v2\/posts\/253777\/revisions"}],"predecessor-version":[{"id":253781,"href":"https:\/\/www.ocorreionews.com.br\/acervo-correio\/index.php?rest_route=\/wp\/v2\/posts\/253777\/revisions\/253781"}],"wp:featuredmedia":[{"embeddable":true,"href":"https:\/\/www.ocorreionews.com.br\/acervo-correio\/index.php?rest_route=\/wp\/v2\/media\/253779"}],"wp:attachment":[{"href":"https:\/\/www.ocorreionews.com.br\/acervo-correio\/index.php?rest_route=%2Fwp%2Fv2%2Fmedia&parent=253777"}],"wp:term":[{"taxonomy":"category","embeddable":true,"href":"https:\/\/www.ocorreionews.com.br\/acervo-correio\/index.php?rest_route=%2Fwp%2Fv2%2Fcategories&post=253777"},{"taxonomy":"post_tag","embeddable":true,"href":"https:\/\/www.ocorreionews.com.br\/acervo-correio\/index.php?rest_route=%2Fwp%2Fv2%2Ftags&post=253777"}],"curies":[{"name":"wp","href":"https:\/\/api.w.org\/{rel}","templated":true}]}}