{"id":25378,"date":"2016-04-15T10:50:48","date_gmt":"2016-04-15T14:50:48","guid":{"rendered":"https:\/\/ocorreionews.com.br\/?p=25378"},"modified":"2016-04-16T08:02:52","modified_gmt":"2016-04-16T12:02:52","slug":"paraiso-das-aguas-e-selecionados-para-o-programa-minha-casa-minha-vida-entidades","status":"publish","type":"post","link":"https:\/\/www.ocorreionews.com.br\/acervo-correio\/?p=25378","title":{"rendered":"Para\u00edso das \u00c1guas \u00e9 contemplado com 100 casas do Programa Minha Casa, Minha Vida \u2013 Entidades"},"content":{"rendered":"<p>O Minist\u00e9rio das Cidades divulgou nesta sexta-feira (15) no Di\u00e1rio Oficial da Uni\u00e3o a rela\u00e7\u00e3o dos munic\u00edpios selecionados para o Programa Minha Casa Minha Vida \u2013 Entidades. Em Mato Grosso do Sul, ser\u00e3o destinadas 198 moradias para os munic\u00edpios de<strong> Para\u00edso das \u00c1gu<\/strong>as e Terenos.<\/p>\n<p>Em <strong>Para\u00edso das \u00c1guas<\/strong>, o Instituo Tecnol\u00f3gico de Res\u00edduos, Gest\u00e3o e Desenvolvimento Profissional \u2013 ITR\/BRASIL foi selecionado para a constru\u00e7\u00e3o de 100 unidades habitacionais no Loteamento Jardim Severiano A. J\u00e1 em Terenos, ser\u00e1 contratada 98 moradias para serem implantadas no Residencial Eduardo Perez Filho I pela a Associa\u00e7\u00e3o Habitacional Em Defesa de Moradia (AHDM).<\/p>\n<p>O programa Minha Casa Minha Vida \u2013 Entidades \u00e9 destinado para as fam\u00edlias com renda bruta at\u00e9 R$ 1,8 mil e tem por objetivo tornar a moradia mais acess\u00edvel para \u00e0s fam\u00edlias organizadas por meio de cooperativas habitacionais, associa\u00e7\u00f5es e demais entidades privadas sem fins lucrativos.<\/p>\n<p><strong>Recursos<\/strong><\/p>\n<p>O Governo do Estado \u00e9 parceiro na contrata\u00e7\u00e3o desses empreendimentos. E de acordo com a secret\u00e1ria de Estado de Habita\u00e7\u00e3o, Maria do Carmo Avesani Lopez, o valor a ser investido dever\u00e1 sofrer altera\u00e7\u00f5es, pois desde a inclus\u00e3o do projeto na sele\u00e7\u00e3o at\u00e9 os dias atuais houve aumento nos valores da constru\u00e7\u00e3o civil.<\/p>\n<p>O aporte Nacional para a constru\u00e7\u00e3o das 198 moradias ser\u00e1 por meio do recurso do Fundo de Desenvolvimento Social FDS no valor total de R$ 9,3 milh\u00f5es.<\/p>\n<p>&nbsp;<\/p>\n<p>&nbsp;<\/p>\n<p><em>Viviane Martins \u2013 Sehab<\/em><\/p>\n","protected":false},"excerpt":{"rendered":"<p>O Minist\u00e9rio das Cidades divulgou nesta sexta-feira (15) no Di\u00e1rio Oficial da Uni\u00e3o a rela\u00e7\u00e3o dos munic\u00edpios selecionados para o Programa Minha Casa Minha Vida \u2013 Entidades. Em Mato Grosso do Sul, ser\u00e3o destinadas 198 moradias para os munic\u00edpios de Para\u00edso das \u00c1guas e Terenos. Em Para\u00edso das \u00c1guas, o Instituo Tecnol\u00f3gico de Res\u00edduos, Gest\u00e3o [&hellip;]<\/p>\n","protected":false},"author":4,"featured_media":25415,"comment_status":"closed","ping_status":"closed","sticky":false,"template":"","format":"standard","meta":{"footnotes":""},"categories":[36],"tags":[],"class_list":["post-25378","post","type-post","status-publish","format-standard","has-post-thumbnail","hentry","category-paraiso-das-aguas"],"_links":{"self":[{"href":"https:\/\/www.ocorreionews.com.br\/acervo-correio\/index.php?rest_route=\/wp\/v2\/posts\/25378","targetHints":{"allow":["GET"]}}],"collection":[{"href":"https:\/\/www.ocorreionews.com.br\/acervo-correio\/index.php?rest_route=\/wp\/v2\/posts"}],"about":[{"href":"https:\/\/www.ocorreionews.com.br\/acervo-correio\/index.php?rest_route=\/wp\/v2\/types\/post"}],"author":[{"embeddable":true,"href":"https:\/\/www.ocorreionews.com.br\/acervo-correio\/index.php?rest_route=\/wp\/v2\/users\/4"}],"replies":[{"embeddable":true,"href":"https:\/\/www.ocorreionews.com.br\/acervo-correio\/index.php?rest_route=%2Fwp%2Fv2%2Fcomments&post=25378"}],"version-history":[{"count":0,"href":"https:\/\/www.ocorreionews.com.br\/acervo-correio\/index.php?rest_route=\/wp\/v2\/posts\/25378\/revisions"}],"wp:featuredmedia":[{"embeddable":true,"href":"https:\/\/www.ocorreionews.com.br\/acervo-correio\/index.php?rest_route=\/wp\/v2\/media\/25415"}],"wp:attachment":[{"href":"https:\/\/www.ocorreionews.com.br\/acervo-correio\/index.php?rest_route=%2Fwp%2Fv2%2Fmedia&parent=25378"}],"wp:term":[{"taxonomy":"category","embeddable":true,"href":"https:\/\/www.ocorreionews.com.br\/acervo-correio\/index.php?rest_route=%2Fwp%2Fv2%2Fcategories&post=25378"},{"taxonomy":"post_tag","embeddable":true,"href":"https:\/\/www.ocorreionews.com.br\/acervo-correio\/index.php?rest_route=%2Fwp%2Fv2%2Ftags&post=25378"}],"curies":[{"name":"wp","href":"https:\/\/api.w.org\/{rel}","templated":true}]}}