{"id":253795,"date":"2023-10-09T08:42:38","date_gmt":"2023-10-09T12:42:38","guid":{"rendered":"https:\/\/www.ocorreionews.com.br\/acervo-correio\/?p=253795"},"modified":"2023-10-09T08:42:58","modified_gmt":"2023-10-09T12:42:58","slug":"prefeitura-de-chapadao-do-sul-celebrou-festa-do-dia-das-criancas","status":"publish","type":"post","link":"https:\/\/www.ocorreionews.com.br\/acervo-correio\/?p=253795","title":{"rendered":"Prefeitura de Chapad\u00e3o do Sul celebrou festa do Dia das Crian\u00e7as"},"content":{"rendered":"<p>Na \u00faltima sexta-feira (06), a Pra\u00e7a de Eventos de Chapad\u00e3o do Sul foi o cen\u00e1rio de um evento incr\u00edvel que celebrou o Dia das Crian\u00e7as. Mesmo com a chuva, o evento foi um grande sucesso, com uma participa\u00e7\u00e3o entusiasmada do p\u00fablico local.<\/p>\n<p>O evento, organizado pela Prefeitura de Chapad\u00e3o do Sul em parceria com todas as secretarias municipais, foi marcado por diversas atividades emocionantes e divertidas para as crian\u00e7as. A banda de professores do Departamento de Cultura encantou a todos com sua apresenta\u00e7\u00e3o musical, enquanto talentosos jovens da cidade mostraram suas habilidades em um espet\u00e1culo cheio de energia. Al\u00e9m disso, o Circo do Mato proporcionou momentos de pura magia com seu teatro encantador, e a cantora Karol Mai brilhou no palco, animando a todos com seu talento musical.<\/p>\n<p>A secret\u00e1ria de assist\u00eancia social e primeira dama, Maria das Dores Zocal Krug, expressou sua alegria e gratid\u00e3o pela realiza\u00e7\u00e3o do evento. &#8220;\u00c9 uma grande honra para n\u00f3s proporcionar esse momento de alegria para as crian\u00e7as de Chapad\u00e3o do Sul. A parceria entre todas as secretarias da prefeitura foi fundamental para o sucesso do evento. Ver o sorriso no rosto das crian\u00e7as \u00e9 a maior recompensa para todos n\u00f3s. Estamos comprometidos em criar um ambiente saud\u00e1vel e feliz para nossas crian\u00e7as, e eventos como este refor\u00e7am esse compromisso&#8221;, afirmou a secret\u00e1ria.<\/p>\n<p>Al\u00e9m das apresenta\u00e7\u00f5es emocionantes, as crian\u00e7as foram mimadas com uma variedade de deliciosas guloseimas, incluindo refrigerantes, cachorros-quentes, picol\u00e9s, algod\u00e3o doce, pipoca e gelinhos. A divers\u00e3o continuou com atividades como pintura facial e brinquedos e brincadeiras, fazendo deste Dia das Crian\u00e7as uma experi\u00eancia inesquec\u00edvel para todos os presentes.<\/p>\n<p>A Prefeitura de Chapad\u00e3o do Sul agradece a todos os envolvidos e reafirma seu compromisso em promover eventos que fortalecem os la\u00e7os comunit\u00e1rios e trazem alegria para as crian\u00e7as da cidade.<\/p>\n<p><img decoding=\"async\" src=\"http:\/\/www.chapadaodosul.ms.gov.br\/admin\/arquivos\/imagem\/image00015.jpeg\" \/><img decoding=\"async\" src=\"http:\/\/www.chapadaodosul.ms.gov.br\/admin\/arquivos\/imagem\/IMG_5281.JPG\" \/><img decoding=\"async\" src=\"http:\/\/www.chapadaodosul.ms.gov.br\/admin\/arquivos\/imagem\/IMG_5330.JPG\" \/><img decoding=\"async\" src=\"http:\/\/www.chapadaodosul.ms.gov.br\/admin\/arquivos\/imagem\/IMG_5253.JPG\" \/><img decoding=\"async\" src=\"http:\/\/www.chapadaodosul.ms.gov.br\/admin\/arquivos\/imagem\/image00002.jpeg\" \/><img decoding=\"async\" src=\"http:\/\/www.chapadaodosul.ms.gov.br\/admin\/arquivos\/imagem\/IMG_5468.JPG\" \/><\/p>\n<p>&nbsp;<\/p>\n<p>&nbsp;<\/p>\n<p>*Assessoria de Imprensa Prefeitura<\/p>\n","protected":false},"excerpt":{"rendered":"<p>Na \u00faltima sexta-feira (06), a Pra\u00e7a de Eventos de Chapad\u00e3o do Sul foi o cen\u00e1rio de um evento incr\u00edvel que celebrou o Dia das Crian\u00e7as. Mesmo com a chuva, o evento foi um grande sucesso, com uma participa\u00e7\u00e3o entusiasmada do p\u00fablico local. O evento, organizado pela Prefeitura de Chapad\u00e3o do Sul em parceria com todas [&hellip;]<\/p>\n","protected":false},"author":5,"featured_media":253796,"comment_status":"closed","ping_status":"closed","sticky":false,"template":"","format":"standard","meta":{"footnotes":""},"categories":[23,41],"tags":[],"class_list":["post-253795","post","type-post","status-publish","format-standard","has-post-thumbnail","hentry","category-chapadao-do-sul","category-destaque"],"_links":{"self":[{"href":"https:\/\/www.ocorreionews.com.br\/acervo-correio\/index.php?rest_route=\/wp\/v2\/posts\/253795","targetHints":{"allow":["GET"]}}],"collection":[{"href":"https:\/\/www.ocorreionews.com.br\/acervo-correio\/index.php?rest_route=\/wp\/v2\/posts"}],"about":[{"href":"https:\/\/www.ocorreionews.com.br\/acervo-correio\/index.php?rest_route=\/wp\/v2\/types\/post"}],"author":[{"embeddable":true,"href":"https:\/\/www.ocorreionews.com.br\/acervo-correio\/index.php?rest_route=\/wp\/v2\/users\/5"}],"replies":[{"embeddable":true,"href":"https:\/\/www.ocorreionews.com.br\/acervo-correio\/index.php?rest_route=%2Fwp%2Fv2%2Fcomments&post=253795"}],"version-history":[{"count":1,"href":"https:\/\/www.ocorreionews.com.br\/acervo-correio\/index.php?rest_route=\/wp\/v2\/posts\/253795\/revisions"}],"predecessor-version":[{"id":253797,"href":"https:\/\/www.ocorreionews.com.br\/acervo-correio\/index.php?rest_route=\/wp\/v2\/posts\/253795\/revisions\/253797"}],"wp:featuredmedia":[{"embeddable":true,"href":"https:\/\/www.ocorreionews.com.br\/acervo-correio\/index.php?rest_route=\/wp\/v2\/media\/253796"}],"wp:attachment":[{"href":"https:\/\/www.ocorreionews.com.br\/acervo-correio\/index.php?rest_route=%2Fwp%2Fv2%2Fmedia&parent=253795"}],"wp:term":[{"taxonomy":"category","embeddable":true,"href":"https:\/\/www.ocorreionews.com.br\/acervo-correio\/index.php?rest_route=%2Fwp%2Fv2%2Fcategories&post=253795"},{"taxonomy":"post_tag","embeddable":true,"href":"https:\/\/www.ocorreionews.com.br\/acervo-correio\/index.php?rest_route=%2Fwp%2Fv2%2Ftags&post=253795"}],"curies":[{"name":"wp","href":"https:\/\/api.w.org\/{rel}","templated":true}]}}