{"id":253798,"date":"2023-10-09T08:46:38","date_gmt":"2023-10-09T12:46:38","guid":{"rendered":"https:\/\/www.ocorreionews.com.br\/acervo-correio\/?p=253798"},"modified":"2023-10-09T08:46:38","modified_gmt":"2023-10-09T12:46:38","slug":"homem-mata-o-irmao-gemeo-com-facada-no-coracao-apos-briga-em-bar-e-comemora-crime-em-goias","status":"publish","type":"post","link":"https:\/\/www.ocorreionews.com.br\/acervo-correio\/?p=253798","title":{"rendered":"Homem mata o irm\u00e3o g\u00eameo com facada no cora\u00e7\u00e3o ap\u00f3s briga em bar e comemora crime em Goi\u00e1s"},"content":{"rendered":"<div id=\"chunk-128i1\">\n<div class=\"mc-column content-text active-extra-styles \" data-block-type=\"unstyled\" data-block-weight=\"51\" data-block-id=\"3\">\n<p class=\" content-text__container \" data-track-category=\"Link no Texto\" data-track-links=\"\">Fabiano Rocha das Neves, de 34 anos, foi preso suspeito de matar o irm\u00e3o g\u00eameo Adriano Rocha, em Valpara\u00edso de Goi\u00e1s, no Entorno do Distrito Federal. O tenente Claudemiro Santos disse que o autor comemorou o crime. Um v\u00eddeo o mostra andando na rua, visivelmente alterado ap\u00f3s o assassinato<strong><em><a href=\"https:\/\/g1.globo.com\/go\/goias\/video\/homem-mata-o-irmao-gemeo-com-facada-no-coracao-apos-briga-em-bar-e-comemora-crime-diz-pm-12008892.ghtml\"> (assista aqui)<\/a>.<\/em><\/strong><\/p>\n<\/div>\n<\/div>\n<div class=\"wall protected-content\">\n<div id=\"chunk-8qpvq\">\n<div class=\"mc-column content-text active-extra-styles\" data-block-type=\"raw\" data-block-weight=\"37\" data-block-id=\"4\">\n<p class=\"content-text__container\">\n<blockquote class=\"content-blockquote theme-border-color-primary-before\"><p>\u201cSegundo o autor, eles n\u00e3o se entendem h\u00e1 muito tempo e ele j\u00e1 havia apanhado do irm\u00e3o. Na data de ontem, estavam bebendo em um bar e o autor deu uma facada no cora\u00e7\u00e3o da v\u00edtima\u201d, explicou.<\/p><\/blockquote>\n<\/div>\n<\/div>\n<div id=\"chunk-fj9i9\">\n<div class=\"mc-column content-text active-extra-styles\" data-block-type=\"raw\" data-block-weight=\"6\" data-block-id=\"5\">\n<p>&nbsp;<\/p>\n<\/div>\n<\/div>\n<div id=\"chunk-765r4\">\n<div class=\"mc-column content-text active-extra-styles \" data-block-type=\"unstyled\" data-block-weight=\"14\" data-block-id=\"6\">\n<p class=\" content-text__container \" data-track-category=\"Link no Texto\" data-track-links=\"\">O g1 n\u00e3o localizou a defesa de Fabiano at\u00e9 a \u00faltima atualiza\u00e7\u00e3o desta reportagem.<\/p>\n<p data-track-category=\"Link no Texto\" data-track-links=\"\">\n<\/div>\n<\/div>\n<div id=\"chunk-3u23o\">\n<div class=\"mc-column content-text active-extra-styles \" data-block-type=\"unstyled\" data-block-weight=\"38\" data-block-id=\"8\">\n<p class=\" content-text__container \" data-track-category=\"Link no Texto\" data-track-links=\"\">O crime aconteceu na noite da \u00faltima sexta-feira (6), no setor C\u00e9u Azul. Segundo o tenente das Rondas Ostensivas T\u00e1ticas Metropolitana (Rotam), o autor disse \u00e0 pol\u00edcia: \u201cantes ele do que eu\u201d, se referindo \u00e0 morte do irm\u00e3o.<\/p>\n<p data-track-category=\"Link no Texto\" data-track-links=\"\">\n<\/div>\n<\/div>\n<div id=\"chunk-ds3r6\">\n<div class=\"mc-column content-text active-extra-styles \" data-block-type=\"unstyled\" data-block-weight=\"18\" data-block-id=\"11\">\n<p class=\" content-text__container \" data-track-category=\"Link no Texto\" data-track-links=\"\">O tenente detalhou ainda que os irm\u00e3os tinham passagens criminais e j\u00e1 foram presos juntos por roubo.<\/p>\n<\/div>\n<\/div>\n<div id=\"chunk-et6h\">\n<div class=\"mc-column content-text active-extra-styles\" data-block-type=\"raw\" data-block-weight=\"17\" data-block-id=\"12\">\n<p class=\"content-text__container\">\n<blockquote class=\"content-blockquote theme-border-color-primary-before\"><p>\u201cO autor deveria estar em pris\u00e3o em domiciliar. O outro j\u00e1 tinha cumprido pena\u201d, finalizou o tenente.<\/p><\/blockquote>\n<\/div>\n<\/div>\n<\/div>\n<p title=\"Michel Gomes, g1 Goi\u00e1s\">\n<p class=\"content-publication-data__from\" title=\"Michel Gomes, g1 Goi\u00e1s\">Por Michel Gomes, g1 Goi\u00e1s<\/p>\n","protected":false},"excerpt":{"rendered":"<p>Fabiano Rocha das Neves, de 34 anos, foi preso suspeito de matar o irm\u00e3o g\u00eameo Adriano Rocha, em Valpara\u00edso de Goi\u00e1s, no Entorno do Distrito Federal. O tenente Claudemiro Santos disse que o autor comemorou o crime. Um v\u00eddeo o mostra andando na rua, visivelmente alterado ap\u00f3s o assassinato (assista aqui). \u201cSegundo o autor, eles [&hellip;]<\/p>\n","protected":false},"author":5,"featured_media":253799,"comment_status":"closed","ping_status":"closed","sticky":false,"template":"","format":"standard","meta":{"footnotes":""},"categories":[141,38],"tags":[],"class_list":["post-253798","post","type-post","status-publish","format-standard","has-post-thumbnail","hentry","category-goias","category-policia"],"_links":{"self":[{"href":"https:\/\/www.ocorreionews.com.br\/acervo-correio\/index.php?rest_route=\/wp\/v2\/posts\/253798","targetHints":{"allow":["GET"]}}],"collection":[{"href":"https:\/\/www.ocorreionews.com.br\/acervo-correio\/index.php?rest_route=\/wp\/v2\/posts"}],"about":[{"href":"https:\/\/www.ocorreionews.com.br\/acervo-correio\/index.php?rest_route=\/wp\/v2\/types\/post"}],"author":[{"embeddable":true,"href":"https:\/\/www.ocorreionews.com.br\/acervo-correio\/index.php?rest_route=\/wp\/v2\/users\/5"}],"replies":[{"embeddable":true,"href":"https:\/\/www.ocorreionews.com.br\/acervo-correio\/index.php?rest_route=%2Fwp%2Fv2%2Fcomments&post=253798"}],"version-history":[{"count":1,"href":"https:\/\/www.ocorreionews.com.br\/acervo-correio\/index.php?rest_route=\/wp\/v2\/posts\/253798\/revisions"}],"predecessor-version":[{"id":253800,"href":"https:\/\/www.ocorreionews.com.br\/acervo-correio\/index.php?rest_route=\/wp\/v2\/posts\/253798\/revisions\/253800"}],"wp:featuredmedia":[{"embeddable":true,"href":"https:\/\/www.ocorreionews.com.br\/acervo-correio\/index.php?rest_route=\/wp\/v2\/media\/253799"}],"wp:attachment":[{"href":"https:\/\/www.ocorreionews.com.br\/acervo-correio\/index.php?rest_route=%2Fwp%2Fv2%2Fmedia&parent=253798"}],"wp:term":[{"taxonomy":"category","embeddable":true,"href":"https:\/\/www.ocorreionews.com.br\/acervo-correio\/index.php?rest_route=%2Fwp%2Fv2%2Fcategories&post=253798"},{"taxonomy":"post_tag","embeddable":true,"href":"https:\/\/www.ocorreionews.com.br\/acervo-correio\/index.php?rest_route=%2Fwp%2Fv2%2Ftags&post=253798"}],"curies":[{"name":"wp","href":"https:\/\/api.w.org\/{rel}","templated":true}]}}