{"id":25383,"date":"2016-04-15T15:27:23","date_gmt":"2016-04-15T19:27:23","guid":{"rendered":"https:\/\/ocorreionews.com.br\/?p=25383"},"modified":"2016-04-15T15:27:23","modified_gmt":"2016-04-15T19:27:23","slug":"governo-envia-projeto-que-propoe-salario-minimo-de-r-946-em-2017","status":"publish","type":"post","link":"https:\/\/www.ocorreionews.com.br\/acervo-correio\/?p=25383","title":{"rendered":"Governo envia projeto que prop\u00f5e sal\u00e1rio m\u00ednimo de R$ 946 em 2017"},"content":{"rendered":"<p>O governo federal prop\u00f4s que o sal\u00e1rio m\u00ednimo, que serve de refer\u00eancia para mais 48 milh\u00f5es de pessoas no Brasil, suba dos atuais R$ 880 para R$ 946 a partir de janeiro de 2016, com pagamento em fevereiro do pr\u00f3ximo ano.<\/p>\n<p>O percentual de corre\u00e7\u00e3o do sal\u00e1rio m\u00ednimo, pela proposta, ser\u00e1 de 7,5% no pr\u00f3ximo ano.<\/p>\n<p>A informa\u00e7\u00e3o consta na proposta da Lei de Diretrizes Or\u00e7ament\u00e1rias (LDO), divulgada nesta sexta-feira (15) pelo Minist\u00e9rio do Planejamento, Or\u00e7amento e Gest\u00e3o. O documento est\u00e1 sendo enviado hoje ao Congresso Nacional.<\/p>\n<p>Para 2018 e 2019, respectivamente, o governo estimou que o sal\u00e1rio m\u00ednimo seja de R$ 1.002 e\u00a0 de R$ 1.067 pelo sistema de corre\u00e7\u00e3o que est\u00e1 em vigor.<\/p>\n<p><strong>Formato de corre\u00e7\u00e3o<\/strong><br \/>\nA corre\u00e7\u00e3o do sal\u00e1rio m\u00ednimo \u00e9 definida pela varia\u00e7\u00e3o do \u00cdndice Nacional de Pre\u00e7os ao Consumidor (INPC), \u00edndice de infla\u00e7\u00e3o calculado pelo IBGE, do ano anterior ao reajuste, somada ao aumento do PIB de dois anos antes, o que proporciona ganhos reais \u2013 acima da infla\u00e7\u00e3o \u2013 para os assalariados, mas somente se o PIB tiver crescimento.<\/p>\n<p>Essa f\u00f3rmula valia at\u00e9 este o ano passado, mas, o governo enviou uma Medida Provis\u00f3ria ao Congresso &#8211; depois aprovada &#8211;\u00a0estendendo este formato de corre\u00e7\u00e3o at\u00e9 2019.<\/p>\n<p><strong>Valor ainda pode mudar<\/strong><br \/>\nEsse valor proposto para o sal\u00e1rio m\u00ednimo em 2017 pelo governo federal, entretanto, ainda pode ser alterado no futuro, com base nos par\u00e2metros estabelecidos para sua corre\u00e7\u00e3o (crescimento do PIB do ano de 2015 e da infla\u00e7\u00e3o, medida pelo INPC, deste ano). No ano passado, o PIB teve forte contra\u00e7\u00e3o de 3,8% (a maior em 25 anos) e, para a infla\u00e7\u00e3o medida pelo INPC, a \u00faltima previs\u00e3o do mercado financeiro, feita na semana passada, \u00e9 de uma alta de 7,27%.<\/p>\n<p>&nbsp;<\/p>\n<p>&nbsp;<\/p>\n<p>G1<\/p>\n","protected":false},"excerpt":{"rendered":"<p>O governo federal prop\u00f4s que o sal\u00e1rio m\u00ednimo, que serve de refer\u00eancia para mais 48 milh\u00f5es de pessoas no Brasil, suba dos atuais R$ 880 para R$ 946 a partir de janeiro de 2016, com pagamento em fevereiro do pr\u00f3ximo ano. O percentual de corre\u00e7\u00e3o do sal\u00e1rio m\u00ednimo, pela proposta, ser\u00e1 de 7,5% no pr\u00f3ximo [&hellip;]<\/p>\n","protected":false},"author":4,"featured_media":17984,"comment_status":"closed","ping_status":"closed","sticky":false,"template":"","format":"standard","meta":{"footnotes":""},"categories":[26],"tags":[],"class_list":["post-25383","post","type-post","status-publish","format-standard","has-post-thumbnail","hentry","category-economia"],"_links":{"self":[{"href":"https:\/\/www.ocorreionews.com.br\/acervo-correio\/index.php?rest_route=\/wp\/v2\/posts\/25383","targetHints":{"allow":["GET"]}}],"collection":[{"href":"https:\/\/www.ocorreionews.com.br\/acervo-correio\/index.php?rest_route=\/wp\/v2\/posts"}],"about":[{"href":"https:\/\/www.ocorreionews.com.br\/acervo-correio\/index.php?rest_route=\/wp\/v2\/types\/post"}],"author":[{"embeddable":true,"href":"https:\/\/www.ocorreionews.com.br\/acervo-correio\/index.php?rest_route=\/wp\/v2\/users\/4"}],"replies":[{"embeddable":true,"href":"https:\/\/www.ocorreionews.com.br\/acervo-correio\/index.php?rest_route=%2Fwp%2Fv2%2Fcomments&post=25383"}],"version-history":[{"count":0,"href":"https:\/\/www.ocorreionews.com.br\/acervo-correio\/index.php?rest_route=\/wp\/v2\/posts\/25383\/revisions"}],"wp:featuredmedia":[{"embeddable":true,"href":"https:\/\/www.ocorreionews.com.br\/acervo-correio\/index.php?rest_route=\/wp\/v2\/media\/17984"}],"wp:attachment":[{"href":"https:\/\/www.ocorreionews.com.br\/acervo-correio\/index.php?rest_route=%2Fwp%2Fv2%2Fmedia&parent=25383"}],"wp:term":[{"taxonomy":"category","embeddable":true,"href":"https:\/\/www.ocorreionews.com.br\/acervo-correio\/index.php?rest_route=%2Fwp%2Fv2%2Fcategories&post=25383"},{"taxonomy":"post_tag","embeddable":true,"href":"https:\/\/www.ocorreionews.com.br\/acervo-correio\/index.php?rest_route=%2Fwp%2Fv2%2Ftags&post=25383"}],"curies":[{"name":"wp","href":"https:\/\/api.w.org\/{rel}","templated":true}]}}