{"id":25385,"date":"2016-04-15T15:34:10","date_gmt":"2016-04-15T19:34:10","guid":{"rendered":"https:\/\/ocorreionews.com.br\/?p=25385"},"modified":"2016-04-15T15:34:10","modified_gmt":"2016-04-15T19:34:10","slug":"pauta-da-sessao-ordinaria-da-proxima-segunda-feira-2","status":"publish","type":"post","link":"https:\/\/www.ocorreionews.com.br\/acervo-correio\/?p=25385","title":{"rendered":"Pauta da Sess\u00e3o Ordin\u00e1ria da pr\u00f3xima segunda-feira"},"content":{"rendered":"<p align=\"center\"><strong><u>PAUTA PARA A 1101\u00aa SESS\u00c3O ORDIN\u00c1RIA,<\/u><\/strong><\/p>\n<p align=\"center\"><strong><u>DA 4\u00aa<\/u><\/strong>\u00a0<strong><u>SESS\u00c3O<\/u><\/strong>\u00a0<strong><u>LEGISLATIVA,<\/u><\/strong><\/p>\n<p align=\"center\"><strong><u>DA 7\u00aa LEGISLATURA, A REALIZAR-SE<\/u><\/strong><\/p>\n<p align=\"center\"><strong><u>NO DIA 18\/04\/2016 \u2013 SEGUNDA -FEIRA<\/u><\/strong><\/p>\n<p align=\"center\"><strong><u>\u00c0S 19h<\/u><\/strong><\/p>\n<p align=\"center\">\n<p align=\"center\"><strong><u>EXPEDIENTE DE VEREADORES<\/u><\/strong><\/p>\n<p align=\"center\">\n<p align=\"center\">\n<p><strong>PROJETO DE LEI N\u00ba 193\/2016 \u2013 VER. ABEL LEMES<\/strong><\/p>\n<p>\u201cDisp\u00f5e sobre os procedimentos a serem tomados para a ado\u00e7\u00e3o de medidas de vigil\u00e2ncia sanit\u00e1ria e epidemiol\u00f3gica sempre que se verificar situa\u00e7\u00e3o de iminente perigo \u00e0 sa\u00fade p\u00fablica pela presen\u00e7a do mosquito transmissor da dengue e da febre chikungunya\u201d.<\/p>\n<p>&nbsp;<\/p>\n<p><strong>REQUERIMENTO N\u00ba 369\/2016 \u2013 VER. S\u00d4NIA MARAN<\/strong><\/p>\n<p>REQUEIRO \u00e0 Mesa, na forma regimental e depois de ouvido o Douto Plen\u00e1rio de Delibera\u00e7\u00f5es, o envio de expediente ao Presidente do Conselho Municipal de Sa\u00fade, Pastor Bremer Klaus Moura da Silva, com c\u00f3pia a Secret\u00e1ria de Sa\u00fade, Rosemary Barros, solicitando o que segue:<\/p>\n<p>&nbsp;<\/p>\n<p>\u2013 Que seja encaminhada a C\u00e2mara Municipal, a Lei do Conselho Municipal de Sa\u00fade, bem como, o Regimento Interno do mesmo.<\/p>\n<p>\u2013 Que seja encaminhada, a Resolu\u00e7\u00e3o do Conselho Nacional de Sa\u00fade.<\/p>\n<p>&#8211; Que seja encaminhada, rela\u00e7\u00e3o contendo o nome dos membros pertencentes ao Conselho.<\/p>\n<p>&#8211; Que seja esclarecido o motivo pelo qual foi cancelada elei\u00e7\u00e3o do referido Conselho, e se foram respeitados os prazos legais para este cancelamento.<\/p>\n<p>&#8211; Solicito ainda, c\u00f3pia da ata da reuni\u00e3o, onde houve o referido cancelamento.<\/p>\n<p>&nbsp;<\/p>\n<p><strong>INDICA\u00c7\u00c3O N\u00ba 687\/2016 \u2013 VER. T\u00c2NIA FRANCINI<\/strong><\/p>\n<p>INDICO \u00e0 Mesa, na forma regimental, e depois de ouvido o Douto Plen\u00e1rio de Delibera\u00e7\u00f5es, o envio de expediente ao Prefeito Municipal, Luiz Felipe Barreto de Magalh\u00e3es, com c\u00f3pia a Secret\u00e1ria de Administra\u00e7\u00e3o, Karolyne Aparecida Lima Maluf, solicitando a regulamenta\u00e7\u00e3o de benef\u00edcio para os Servidores P\u00fablicos Municipais que participam do Programa de capacita\u00e7\u00e3o denominado Profuncion\u00e1rio, aos moldes do que foi proposto pela Legisla\u00e7\u00e3o Estadual.<\/p>\n<p>&nbsp;<\/p>\n<p><strong>INDICA\u00c7\u00c3O N\u00ba 688\/2016 \u2013 VER. DR. QUARANTA<\/strong><\/p>\n<p>INDICO \u00e0 Mesa, na forma regimental, e depois de ouvido o Douto Plen\u00e1rio de Delibera\u00e7\u00f5es, o envio de expediente ao Prefeito Municipal, Luiz Felipe Barreto de Magalh\u00e3es, com c\u00f3pia ao Secret\u00e1rio de Obras Jos\u00e9 Humberto de Freitas\u00a0 e ao Diretor do DEMUTRAN, Jos\u00e9 Vicente Freitas , solicitando a instala\u00e7\u00e3o de rampas de acesso para cadeirantes nos Viadutos Vit\u00f3rio Tontini e Elio V.Rosin.<\/p>\n<p>&nbsp;<\/p>\n<p>&nbsp;<\/p>\n<p>&nbsp;<\/p>\n<p>&nbsp;<\/p>\n<p>&nbsp;<\/p>\n<p align=\"center\"><strong><u>MENSAGEM DO EXECUTIVO<\/u><\/strong><\/p>\n<p align=\"center\">\n<p><strong>&#8211; Mensagem n\u00ba 026\/2016<\/strong>. Executivo que encaminha Veto \u00e0 Emenda Modificativa n. 144\/2016 ao Anexo II do Projeto de Lei Complementar n\u00ba 022 de 09 de setembro de 2015.<\/p>\n<p>&nbsp;<\/p>\n<p><strong>Projeto de Lei n\u00ba 194\/2016<\/strong> Executivo que \u201cConcede Subven\u00e7\u00e3o Social a Centro de Tradi\u00e7\u00f5es Ga\u00fachas Cultivando a Tradi\u00e7\u00e3o \u2013 CTG, e d\u00e1 outras provid\u00eancias\u201d.<\/p>\n<p>&nbsp;<\/p>\n<p><strong>Projeto de Lei n\u00ba 195\/2016<\/strong> Executivo que \u201cConcede Subven\u00e7\u00e3o Social a Centro de Tradi\u00e7\u00f5es Ga\u00fachas Cultivando a Tradi\u00e7\u00e3o \u2013 CTG, e d\u00e1 outras provid\u00eancias\u201d.<\/p>\n<p>&nbsp;<\/p>\n<p><strong>Projeto de Lei n\u00ba 196\/2016<\/strong> Executivo que \u201cDisp\u00f5e sobre as diretrizes para elabora\u00e7\u00e3o e execu\u00e7\u00e3o da Lei Or\u00e7amento Anual de 2017 e d\u00e1 outras provid\u00eancias\u201d.<\/p>\n<p>&nbsp;<\/p>\n<p>&nbsp;<\/p>\n<p>&nbsp;<\/p>\n<p align=\"center\"><strong><u>ORDEM DO DIA<\/u><\/strong><\/p>\n<p>&nbsp;<\/p>\n<p><strong>&#8211; Projeto de Lei n. 183\/2016. <\/strong>Executivo que: &#8220;Concede Subven\u00e7\u00e3o Social a ASSOCIA\u00c7\u00c3O EBENEZER, e d\u00e1 outras provid\u00eancias\u201d.<\/p>\n<p>&nbsp;<\/p>\n<p>&nbsp;<\/p>\n<p>&nbsp;<\/p>\n<p align=\"center\"><strong>SECRETARIA DAS SESS\u00d5ES, 15 DE ABRIL DE 2016.<\/strong><\/p>\n<p align=\"center\"><strong>Jacqueline C. Tomiazzi Belotti,<\/strong><\/p>\n<p align=\"center\"><strong>Coordenadora de Atividades Legislativa.<\/strong><\/p>\n","protected":false},"excerpt":{"rendered":"<p>PAUTA PARA A 1101\u00aa SESS\u00c3O ORDIN\u00c1RIA, DA 4\u00aa\u00a0SESS\u00c3O\u00a0LEGISLATIVA, DA 7\u00aa LEGISLATURA, A REALIZAR-SE NO DIA 18\/04\/2016 \u2013 SEGUNDA -FEIRA \u00c0S 19h EXPEDIENTE DE VEREADORES PROJETO DE LEI N\u00ba 193\/2016 \u2013 VER. ABEL LEMES \u201cDisp\u00f5e sobre os procedimentos a serem tomados para a ado\u00e7\u00e3o de medidas de vigil\u00e2ncia sanit\u00e1ria e epidemiol\u00f3gica sempre que se verificar situa\u00e7\u00e3o [&hellip;]<\/p>\n","protected":false},"author":4,"featured_media":12124,"comment_status":"closed","ping_status":"closed","sticky":false,"template":"","format":"standard","meta":{"footnotes":""},"categories":[23,49],"tags":[],"class_list":["post-25385","post","type-post","status-publish","format-standard","has-post-thumbnail","hentry","category-chapadao-do-sul","category-informe-publicitario"],"_links":{"self":[{"href":"https:\/\/www.ocorreionews.com.br\/acervo-correio\/index.php?rest_route=\/wp\/v2\/posts\/25385","targetHints":{"allow":["GET"]}}],"collection":[{"href":"https:\/\/www.ocorreionews.com.br\/acervo-correio\/index.php?rest_route=\/wp\/v2\/posts"}],"about":[{"href":"https:\/\/www.ocorreionews.com.br\/acervo-correio\/index.php?rest_route=\/wp\/v2\/types\/post"}],"author":[{"embeddable":true,"href":"https:\/\/www.ocorreionews.com.br\/acervo-correio\/index.php?rest_route=\/wp\/v2\/users\/4"}],"replies":[{"embeddable":true,"href":"https:\/\/www.ocorreionews.com.br\/acervo-correio\/index.php?rest_route=%2Fwp%2Fv2%2Fcomments&post=25385"}],"version-history":[{"count":0,"href":"https:\/\/www.ocorreionews.com.br\/acervo-correio\/index.php?rest_route=\/wp\/v2\/posts\/25385\/revisions"}],"wp:featuredmedia":[{"embeddable":true,"href":"https:\/\/www.ocorreionews.com.br\/acervo-correio\/index.php?rest_route=\/wp\/v2\/media\/12124"}],"wp:attachment":[{"href":"https:\/\/www.ocorreionews.com.br\/acervo-correio\/index.php?rest_route=%2Fwp%2Fv2%2Fmedia&parent=25385"}],"wp:term":[{"taxonomy":"category","embeddable":true,"href":"https:\/\/www.ocorreionews.com.br\/acervo-correio\/index.php?rest_route=%2Fwp%2Fv2%2Fcategories&post=25385"},{"taxonomy":"post_tag","embeddable":true,"href":"https:\/\/www.ocorreionews.com.br\/acervo-correio\/index.php?rest_route=%2Fwp%2Fv2%2Ftags&post=25385"}],"curies":[{"name":"wp","href":"https:\/\/api.w.org\/{rel}","templated":true}]}}