{"id":25389,"date":"2016-04-15T15:38:02","date_gmt":"2016-04-15T19:38:02","guid":{"rendered":"https:\/\/ocorreionews.com.br\/?p=25389"},"modified":"2016-04-15T15:38:02","modified_gmt":"2016-04-15T19:38:02","slug":"6a-conferencia-municipal-das-cidades-sera-realizada-dia-28-de-abril-em-costa-rica","status":"publish","type":"post","link":"https:\/\/www.ocorreionews.com.br\/acervo-correio\/?p=25389","title":{"rendered":"6\u00aa Confer\u00eancia Municipal das Cidades ser\u00e1 realizada dia 28 de abril em Costa Rica"},"content":{"rendered":"<div class=\"marginBottom30px link-Internas\">\n<p>No pr\u00f3ximo dia 28 de abril de 2016 (quinta-feira), o Governo de Costa Rica \u2013 MS por meio da Secretaria de Agricultura e Desenvolvimento realiza a 6\u00aa Confer\u00eancia Municipal das Cidades.<\/p>\n<p>O encontro ser\u00e1 realizado no Audit\u00f3rio da SEMED &#8211; Secretaria Municipal de Educa\u00e7\u00e3o a partir das 13 horas.<\/p>\n<p>O secret\u00e1rio Municipal de Agricultura e Desenvolvimento, Keyler Simey Garcia Barbosa explica que esta \u00e9 a etapa preparat\u00f3ria para a 6\u00aa Confer\u00eancia Estadual e Nacional das Cidades, onde ser\u00e3o tratados diversos assuntos de interesse da popula\u00e7\u00e3o referente ao Munic\u00edpio. O tema trabalhado neste ano ser\u00e1: \u201cCidades Inclusivas e Edil\u00edcias\u201d.<\/p>\n<p>Keyler Barbosa complementa que a escolha do tema da 6\u00aa Confer\u00eancia Municipal das Cidades baseou-se na import\u00e2ncia de refletir sobre a urbe como um bem coletivo. \u201cConvido a popula\u00e7\u00e3o de Costa Rica para participar. Todas as ideias e colabora\u00e7\u00f5es v\u00e3o valer como experi\u00eancia para as pr\u00f3ximas confer\u00eancias\u201d, enfatiza o secret\u00e1rio.<\/p>\n<p>Para mais informa\u00e7\u00f5es nos telefones (67) 3247 7090 \/ 9964 2735.<\/p>\n<\/div>\n<p>&nbsp;<\/p>\n<div class=\"marginBottom30px link-Internas\">ASSECOM\/PMCR<\/div>\n","protected":false},"excerpt":{"rendered":"<p>No pr\u00f3ximo dia 28 de abril de 2016 (quinta-feira), o Governo de Costa Rica \u2013 MS por meio da Secretaria de Agricultura e Desenvolvimento realiza a 6\u00aa Confer\u00eancia Municipal das Cidades. O encontro ser\u00e1 realizado no Audit\u00f3rio da SEMED &#8211; Secretaria Municipal de Educa\u00e7\u00e3o a partir das 13 horas. O secret\u00e1rio Municipal de Agricultura e [&hellip;]<\/p>\n","protected":false},"author":4,"featured_media":25390,"comment_status":"closed","ping_status":"closed","sticky":false,"template":"","format":"standard","meta":{"footnotes":""},"categories":[25],"tags":[],"class_list":["post-25389","post","type-post","status-publish","format-standard","has-post-thumbnail","hentry","category-costa-rica"],"_links":{"self":[{"href":"https:\/\/www.ocorreionews.com.br\/acervo-correio\/index.php?rest_route=\/wp\/v2\/posts\/25389","targetHints":{"allow":["GET"]}}],"collection":[{"href":"https:\/\/www.ocorreionews.com.br\/acervo-correio\/index.php?rest_route=\/wp\/v2\/posts"}],"about":[{"href":"https:\/\/www.ocorreionews.com.br\/acervo-correio\/index.php?rest_route=\/wp\/v2\/types\/post"}],"author":[{"embeddable":true,"href":"https:\/\/www.ocorreionews.com.br\/acervo-correio\/index.php?rest_route=\/wp\/v2\/users\/4"}],"replies":[{"embeddable":true,"href":"https:\/\/www.ocorreionews.com.br\/acervo-correio\/index.php?rest_route=%2Fwp%2Fv2%2Fcomments&post=25389"}],"version-history":[{"count":0,"href":"https:\/\/www.ocorreionews.com.br\/acervo-correio\/index.php?rest_route=\/wp\/v2\/posts\/25389\/revisions"}],"wp:featuredmedia":[{"embeddable":true,"href":"https:\/\/www.ocorreionews.com.br\/acervo-correio\/index.php?rest_route=\/wp\/v2\/media\/25390"}],"wp:attachment":[{"href":"https:\/\/www.ocorreionews.com.br\/acervo-correio\/index.php?rest_route=%2Fwp%2Fv2%2Fmedia&parent=25389"}],"wp:term":[{"taxonomy":"category","embeddable":true,"href":"https:\/\/www.ocorreionews.com.br\/acervo-correio\/index.php?rest_route=%2Fwp%2Fv2%2Fcategories&post=25389"},{"taxonomy":"post_tag","embeddable":true,"href":"https:\/\/www.ocorreionews.com.br\/acervo-correio\/index.php?rest_route=%2Fwp%2Fv2%2Ftags&post=25389"}],"curies":[{"name":"wp","href":"https:\/\/api.w.org\/{rel}","templated":true}]}}