{"id":25392,"date":"2016-04-15T15:50:02","date_gmt":"2016-04-15T19:50:02","guid":{"rendered":"https:\/\/ocorreionews.com.br\/?p=25392"},"modified":"2016-04-15T15:57:23","modified_gmt":"2016-04-15T19:57:23","slug":"adolescente-de-16-anos-e-apreendido-em-flagrante-pelo-gto-com-um-tijolo-de-maconha-e-paradinhas-de-crack","status":"publish","type":"post","link":"https:\/\/www.ocorreionews.com.br\/acervo-correio\/?p=25392","title":{"rendered":"Pol\u00edcia estoura boca de fumo em Costa Rica em prende adolescente com &#8220;tijolo&#8221; de maconha"},"content":{"rendered":"<p>A Pol\u00edcia de Costa Rica fechou na tarde de ontem (14) um ponto de com\u00e9rcio e consumo de entorpecentes no Bairro S\u00e3o Francisco. A a\u00e7\u00e3o culminou com a apreens\u00e3o de um adolescente, al\u00e9m de duas trouxinhas de crack, oito trouxinhas e mais dois tabletes de maconha, totalizando 1,5 quilos da droga, uma balan\u00e7a de precis\u00e3o, um celular e a quantia de R$ 80,00 obtidos atrav\u00e9s da venda de entorpecentes.<\/p>\n<p>Segundo informa\u00e7\u00f5es do Delegado Alexandro Mendes de Ara\u00fajo, a pol\u00edcia j\u00e1 tinha informa\u00e7\u00f5es que o menor R.S.E.S, de 16 anos realizava tr\u00e1fico de drogas no local, tendo inclusive abordado o adolescente em outra ocasi\u00e3o. \u00a0Ap\u00f3s mais uma den\u00fancia, os policiais obtiveram \u00eaxito e realizaram a apreens\u00e3o: \u201cO local j\u00e1 era monitorado pela pol\u00edcia, j\u00e1 t\u00ednhamos o conhecimento que ali era um ponto de com\u00e9rcio de entorpecentes. No dia 11 de abril esse adolescente foi abordado por policiais, s\u00f3 que naquela ocasi\u00e3o n\u00e3o foi poss\u00edvel coletar elementos suficientes para demonstrar o tr\u00e1fico de drogas\u201d explicou. Junto com o adolescente estava mais um jovem e outros dois menores, todos usu\u00e1rios de drogas, o que refor\u00e7a a suspeita de que o menor apreendido esteja \u00e0 frente do tr\u00e1fico naquele local.<\/p>\n<p>Participaram da opera\u00e7\u00e3o a equipe do GTO, com os policiais N\u00e9lio e M\u00e1rcio da Pol\u00edcia Civil e Furtado da Policia Militar.<\/p>\n<p>O menor apreendido permanece a disposi\u00e7\u00e3o da justi\u00e7a. \u201cEm fun\u00e7\u00e3o desse comportamento reiterado do menor, n\u00f3s representamos pela interna\u00e7\u00e3o, mas quem decidir\u00e1 isso ao final \u00e9 o poder judici\u00e1rio, ap\u00f3s manifesta\u00e7\u00e3o do Minist\u00e9rio P\u00fablico\u201d finalizou o Delegado Alexandro.<\/p>\n<p>&nbsp;<\/p>\n<div class=\"clear\"><\/div>\n<div class=\"fonte\">Fonte: MS TODO DIA<\/div>\n","protected":false},"excerpt":{"rendered":"<p>A Pol\u00edcia de Costa Rica fechou na tarde de ontem (14) um ponto de com\u00e9rcio e consumo de entorpecentes no Bairro S\u00e3o Francisco. A a\u00e7\u00e3o culminou com a apreens\u00e3o de um adolescente, al\u00e9m de duas trouxinhas de crack, oito trouxinhas e mais dois tabletes de maconha, totalizando 1,5 quilos da droga, uma balan\u00e7a de precis\u00e3o, [&hellip;]<\/p>\n","protected":false},"author":4,"featured_media":25395,"comment_status":"closed","ping_status":"closed","sticky":false,"template":"","format":"standard","meta":{"footnotes":""},"categories":[25,38],"tags":[],"class_list":["post-25392","post","type-post","status-publish","format-standard","has-post-thumbnail","hentry","category-costa-rica","category-policia"],"_links":{"self":[{"href":"https:\/\/www.ocorreionews.com.br\/acervo-correio\/index.php?rest_route=\/wp\/v2\/posts\/25392","targetHints":{"allow":["GET"]}}],"collection":[{"href":"https:\/\/www.ocorreionews.com.br\/acervo-correio\/index.php?rest_route=\/wp\/v2\/posts"}],"about":[{"href":"https:\/\/www.ocorreionews.com.br\/acervo-correio\/index.php?rest_route=\/wp\/v2\/types\/post"}],"author":[{"embeddable":true,"href":"https:\/\/www.ocorreionews.com.br\/acervo-correio\/index.php?rest_route=\/wp\/v2\/users\/4"}],"replies":[{"embeddable":true,"href":"https:\/\/www.ocorreionews.com.br\/acervo-correio\/index.php?rest_route=%2Fwp%2Fv2%2Fcomments&post=25392"}],"version-history":[{"count":0,"href":"https:\/\/www.ocorreionews.com.br\/acervo-correio\/index.php?rest_route=\/wp\/v2\/posts\/25392\/revisions"}],"wp:featuredmedia":[{"embeddable":true,"href":"https:\/\/www.ocorreionews.com.br\/acervo-correio\/index.php?rest_route=\/wp\/v2\/media\/25395"}],"wp:attachment":[{"href":"https:\/\/www.ocorreionews.com.br\/acervo-correio\/index.php?rest_route=%2Fwp%2Fv2%2Fmedia&parent=25392"}],"wp:term":[{"taxonomy":"category","embeddable":true,"href":"https:\/\/www.ocorreionews.com.br\/acervo-correio\/index.php?rest_route=%2Fwp%2Fv2%2Fcategories&post=25392"},{"taxonomy":"post_tag","embeddable":true,"href":"https:\/\/www.ocorreionews.com.br\/acervo-correio\/index.php?rest_route=%2Fwp%2Fv2%2Ftags&post=25392"}],"curies":[{"name":"wp","href":"https:\/\/api.w.org\/{rel}","templated":true}]}}