{"id":254005,"date":"2023-10-11T07:00:38","date_gmt":"2023-10-11T11:00:38","guid":{"rendered":"https:\/\/www.ocorreionews.com.br\/acervo-correio\/?p=254005"},"modified":"2023-10-11T07:54:47","modified_gmt":"2023-10-11T11:54:47","slug":"na-conta-primeira-parcela-da-complementacao-do-piso-de-enfermagem","status":"publish","type":"post","link":"https:\/\/www.ocorreionews.com.br\/acervo-correio\/?p=254005","title":{"rendered":"Na Conta: Primeira parcela da complementa\u00e7\u00e3o do piso de enfermagem"},"content":{"rendered":"<p>Est\u00e1 dispon\u00edvel para saque a primeira parcela da complementa\u00e7\u00e3o do piso de enfermagem, para profissionais que trabalham no HRMS (Hospital Regional de Mato Grosso do Sul) e na SES (Secretaria Estadual de Sa\u00fade), paga pelo Governo do Estado. O valor foi depositado nesta segunda-feira (9) e dispon\u00edvel nesta ter\u00e7a-feira (10).<\/p>\n<p>Conforme a secretaria, a data do pagamento ficou definida em reuni\u00e3o, quando foi analisada a implementa\u00e7\u00e3o do piso nacional no Estado. A Lei 14.434 de 2022 definiu o valor do piso em R$ 4.750.<\/p>\n<p>J\u00e1 os t\u00e9cnicos e auxiliares de enfermagem devem receber, pelo menos, 70% e 50%, respectivamente, do valor do piso da classe da enfermagem, o que equivale a R$ 3.325 e R$ 2.375.<\/p>\n<p>No total, 205 servidores do Hospital Regional e da SES receberam os valores referentes aos meses de maio, junho, julho e agosto deste ano. O repasse ser\u00e1 feito mensalmente pelo Minist\u00e9rio da <a href=\"https:\/\/www.campograndenews.com.br\/saude\" target=\"_blank\" rel=\"noopener\">Sa\u00fade<\/a> ao Estado, conforme legisla\u00e7\u00e3o federal.<\/p>\n<p>Antonio Bispo- Campograndenews<\/p>\n","protected":false},"excerpt":{"rendered":"<p>Est\u00e1 dispon\u00edvel para saque a primeira parcela da complementa\u00e7\u00e3o do piso de enfermagem, para profissionais que trabalham no HRMS (Hospital Regional de Mato Grosso do Sul) e na SES (Secretaria Estadual de Sa\u00fade), paga pelo Governo do Estado. O valor foi depositado nesta segunda-feira (9) e dispon\u00edvel nesta ter\u00e7a-feira (10). Conforme a secretaria, a data [&hellip;]<\/p>\n","protected":false},"author":4,"featured_media":254006,"comment_status":"closed","ping_status":"closed","sticky":false,"template":"","format":"standard","meta":{"footnotes":""},"categories":[41,26,37],"tags":[],"class_list":["post-254005","post","type-post","status-publish","format-standard","has-post-thumbnail","hentry","category-destaque","category-economia","category-politica"],"_links":{"self":[{"href":"https:\/\/www.ocorreionews.com.br\/acervo-correio\/index.php?rest_route=\/wp\/v2\/posts\/254005","targetHints":{"allow":["GET"]}}],"collection":[{"href":"https:\/\/www.ocorreionews.com.br\/acervo-correio\/index.php?rest_route=\/wp\/v2\/posts"}],"about":[{"href":"https:\/\/www.ocorreionews.com.br\/acervo-correio\/index.php?rest_route=\/wp\/v2\/types\/post"}],"author":[{"embeddable":true,"href":"https:\/\/www.ocorreionews.com.br\/acervo-correio\/index.php?rest_route=\/wp\/v2\/users\/4"}],"replies":[{"embeddable":true,"href":"https:\/\/www.ocorreionews.com.br\/acervo-correio\/index.php?rest_route=%2Fwp%2Fv2%2Fcomments&post=254005"}],"version-history":[{"count":1,"href":"https:\/\/www.ocorreionews.com.br\/acervo-correio\/index.php?rest_route=\/wp\/v2\/posts\/254005\/revisions"}],"predecessor-version":[{"id":254007,"href":"https:\/\/www.ocorreionews.com.br\/acervo-correio\/index.php?rest_route=\/wp\/v2\/posts\/254005\/revisions\/254007"}],"wp:featuredmedia":[{"embeddable":true,"href":"https:\/\/www.ocorreionews.com.br\/acervo-correio\/index.php?rest_route=\/wp\/v2\/media\/254006"}],"wp:attachment":[{"href":"https:\/\/www.ocorreionews.com.br\/acervo-correio\/index.php?rest_route=%2Fwp%2Fv2%2Fmedia&parent=254005"}],"wp:term":[{"taxonomy":"category","embeddable":true,"href":"https:\/\/www.ocorreionews.com.br\/acervo-correio\/index.php?rest_route=%2Fwp%2Fv2%2Fcategories&post=254005"},{"taxonomy":"post_tag","embeddable":true,"href":"https:\/\/www.ocorreionews.com.br\/acervo-correio\/index.php?rest_route=%2Fwp%2Fv2%2Ftags&post=254005"}],"curies":[{"name":"wp","href":"https:\/\/api.w.org\/{rel}","templated":true}]}}