{"id":25406,"date":"2016-04-16T07:25:36","date_gmt":"2016-04-16T11:25:36","guid":{"rendered":"https:\/\/ocorreionews.com.br\/?p=25406"},"modified":"2016-04-16T07:25:36","modified_gmt":"2016-04-16T11:25:36","slug":"coluna-do-roberto-costa","status":"publish","type":"post","link":"https:\/\/www.ocorreionews.com.br\/acervo-correio\/?p=25406","title":{"rendered":"Coluna do Roberto Costa"},"content":{"rendered":"<p><strong>1\u00ba ROUND \u2013 <\/strong><a href=\"http:\/\/www2.camara.leg.br\/camaranoticias\/noticias\/POLITICA\/506841-COMISSAO-DA-CAMARA-APROVA-AUTORIZACAO-PARA-PROCESSO-DE-IMPEACHMENT-DE-DILMA.html\">Aprovado na segunda-feira (11) por 38 votos a 27<\/a> no colegiado, o relator Jovair Arantes (PTB-GO) recomenda o impeachment de Dilma Rousseff pela suposta pr\u00e1tica de crime de responsabilidade.<\/p>\n<p>**<\/p>\n<p><strong>DESABAFO<\/strong> \u2013 A presidente Dilma Rousseff apontou o vice-presidente Michel Temer e o presidente da C\u00e2mara, Eduardo Cunha (PMDB-RJ), como &#8220;chefes do golpe&#8221; e &#8220;chefes da conspira\u00e7\u00e3o&#8221;.<\/p>\n<p>**<\/p>\n<p><strong>TIRO NO P\u00c9<\/strong> \u2013 O vice-presidente da Rep\u00fablica Michel Temer, do PMDB, andou falando demais e o v\u00eddeo vazou. Ele j\u00e1 se acha no cargo mesmo sem a devida proclama\u00e7\u00e3o do resultado do processo em curso.<\/p>\n<p>**<\/p>\n<p><strong>NO BOLSO<\/strong> &#8211; O juiz federal Sergio Moro autorizou o bloqueio de R$ 5,35 milh\u00f5es das contas do ex-senador Gim Argello e do assessor Paulo C\u00e9sar Roxo Ramos, investigados na 28\u00aa fase da Opera\u00e7\u00e3o Lava Jato.<\/p>\n<p>**<\/p>\n<p><strong>PLANO A <\/strong>\u2013 Circulam rumores de que cada voto, para assegurar a manuten\u00e7\u00e3o de Dilma Rousseff no comando da presid\u00eancia da Rep\u00fablica, n\u00e3o vai sair por menor de R$ 1 milh\u00e3o.<\/p>\n<p>**<\/p>\n<p><strong>PLANO B<\/strong> \u2013 Cada um dos 513 deputados federais que n\u00e3o comparecer a sess\u00e3o de vota\u00e7\u00e3o do impeachment da presidente Dilma, conforme especula\u00e7\u00e3o vai embolsar R$ 400 mil.<\/p>\n<p>**<\/p>\n<p><strong>NA DISPUTA<\/strong> \u2013 O ato de filia\u00e7\u00e3o do empres\u00e1rio S\u00e9rgio Longen, presidente da Federa\u00e7\u00e3o das Ind\u00fastrias de Mato Grosso do Sul, ao Partido da Rep\u00fablica (PR), fez surgir mais um candidato a prefeito de Campo Grande.<\/p>\n<p>**<\/p>\n<p><strong>PRIORIDADE<\/strong> \u2013 Em menos de um ano, de acordo com informa\u00e7\u00f5es do secret\u00e1rio de Estado de Sa\u00fade, Nelson Barbosa Tavares, o governo investiu R$ 17 milh\u00f5es na realiza\u00e7\u00e3o de 1.700 cirurgias de catarata.<\/p>\n<p>**<\/p>\n<p><strong>OUTRA VIS\u00c3O<\/strong> \u2013 Conforme Nelson Tavares, cada procedimento cir\u00fargico foi pago com base na Tabela SUS (Sistema \u00danico de Sa\u00fade), ou seja, custou ao Estado R$ 850.<\/p>\n<p>**<\/p>\n<p><strong>VACILO<\/strong> \u2013 Embora na admitam, faltou habilidade pol\u00edtica aos vereadores campo-grandenses na condu\u00e7\u00e3o da discuss\u00e3o sobre processo salarial dos servidores municipais ao rejeitarem o reajuste de 9,57%.<\/p>\n<p>**<\/p>\n<p><strong>FOR\u00c7A CONJUNTA<\/strong> \u2013 As a\u00e7\u00f5es contra o tr\u00e1fico envolvendo a PRF, PMRv, DOF, Defron e DENAR, evitaram que toneladas de drogas (maconha, coca\u00edna e crack) chegassem aos grandes centros consumidores.<\/p>\n<p>**<\/p>\n<p><strong>INVESTIMENTO<\/strong> \u2013 Seria oportuna a press\u00e3o da bancada federal (oito deputados e tr\u00eas senadores) no sentido de cobrar do Minist\u00e9rio da Justi\u00e7a mais recursos para as institui\u00e7\u00f5es de seguran\u00e7a p\u00fablica operam no Estado.<\/p>\n<p>**<\/p>\n<p><strong>PERCEP\u00c7\u00c3O<\/strong> \u2013 A aprova\u00e7\u00e3o do aumento, mesmo diante da insatisfa\u00e7\u00e3o de uma parcela dos servidores, n\u00e3o enfraqueceria o movimento que j\u00e1 estava disposto a cruzar os bra\u00e7os.<\/p>\n<p>**<\/p>\n<p><strong>HENRY FORD \u2013 \u2018\u201dSe o dinheiro for a sua esperan\u00e7a de independ\u00eancia, voc\u00ea jamais a ter\u00e1. A \u00fanica seguran\u00e7a verdadeira consiste numa reserva de sabedoria, de experi\u00eancia e de compet\u00eancia.\u201d<\/strong><\/p>\n","protected":false},"excerpt":{"rendered":"<p>1\u00ba ROUND \u2013 Aprovado na segunda-feira (11) por 38 votos a 27 no colegiado, o relator Jovair Arantes (PTB-GO) recomenda o impeachment de Dilma Rousseff pela suposta pr\u00e1tica de crime de responsabilidade. ** DESABAFO \u2013 A presidente Dilma Rousseff apontou o vice-presidente Michel Temer e o presidente da C\u00e2mara, Eduardo Cunha (PMDB-RJ), como &#8220;chefes do [&hellip;]<\/p>\n","protected":false},"author":4,"featured_media":25407,"comment_status":"closed","ping_status":"closed","sticky":false,"template":"","format":"standard","meta":{"footnotes":""},"categories":[37],"tags":[],"class_list":["post-25406","post","type-post","status-publish","format-standard","has-post-thumbnail","hentry","category-politica"],"_links":{"self":[{"href":"https:\/\/www.ocorreionews.com.br\/acervo-correio\/index.php?rest_route=\/wp\/v2\/posts\/25406","targetHints":{"allow":["GET"]}}],"collection":[{"href":"https:\/\/www.ocorreionews.com.br\/acervo-correio\/index.php?rest_route=\/wp\/v2\/posts"}],"about":[{"href":"https:\/\/www.ocorreionews.com.br\/acervo-correio\/index.php?rest_route=\/wp\/v2\/types\/post"}],"author":[{"embeddable":true,"href":"https:\/\/www.ocorreionews.com.br\/acervo-correio\/index.php?rest_route=\/wp\/v2\/users\/4"}],"replies":[{"embeddable":true,"href":"https:\/\/www.ocorreionews.com.br\/acervo-correio\/index.php?rest_route=%2Fwp%2Fv2%2Fcomments&post=25406"}],"version-history":[{"count":0,"href":"https:\/\/www.ocorreionews.com.br\/acervo-correio\/index.php?rest_route=\/wp\/v2\/posts\/25406\/revisions"}],"wp:featuredmedia":[{"embeddable":true,"href":"https:\/\/www.ocorreionews.com.br\/acervo-correio\/index.php?rest_route=\/wp\/v2\/media\/25407"}],"wp:attachment":[{"href":"https:\/\/www.ocorreionews.com.br\/acervo-correio\/index.php?rest_route=%2Fwp%2Fv2%2Fmedia&parent=25406"}],"wp:term":[{"taxonomy":"category","embeddable":true,"href":"https:\/\/www.ocorreionews.com.br\/acervo-correio\/index.php?rest_route=%2Fwp%2Fv2%2Fcategories&post=25406"},{"taxonomy":"post_tag","embeddable":true,"href":"https:\/\/www.ocorreionews.com.br\/acervo-correio\/index.php?rest_route=%2Fwp%2Fv2%2Ftags&post=25406"}],"curies":[{"name":"wp","href":"https:\/\/api.w.org\/{rel}","templated":true}]}}