{"id":25409,"date":"2016-04-16T07:30:31","date_gmt":"2016-04-16T11:30:31","guid":{"rendered":"https:\/\/ocorreionews.com.br\/?p=25409"},"modified":"2016-04-16T07:30:31","modified_gmt":"2016-04-16T11:30:31","slug":"casa-do-trabalhador-de-costa-rica-recebe-da-funtrab-veiculo-para-servicos-administrativos","status":"publish","type":"post","link":"https:\/\/www.ocorreionews.com.br\/acervo-correio\/?p=25409","title":{"rendered":"Casa do Trabalhador de Costa Rica recebe da Funtrab ve\u00edculo para servi\u00e7os administrativos"},"content":{"rendered":"<p style=\"text-align: justify;\">A Casa do Trabalho de Costa Rica \u2013 MS recebeu na tarde da \u00faltima quinta-feira, 14 de abril de 2016, da FUNTRAB\/MS &#8211; Funda\u00e7\u00e3o do Trabalho de Mato Grosso do Sul \u2013 um ve\u00edculo Ford Fiesta para atender os servi\u00e7os administrativos do \u00f3rg\u00e3o ligado ao Governo Municipal por meio da Secretaria de Agricultura e Desenvolvimento.<\/p>\n<p style=\"text-align: justify;\">O prefeito Waldeli dos Santos Rosa, o secret\u00e1rio Municipal de Agricultura e Desenvolvimento, Keyler Simey Garcia Barbosa, o coordenador da Casa do Trabalhador, o gestor da Casa do Trabalhador, Gilson Viana Garcia, e a equipe de governo estiveram recepcionando a equipe t\u00e9cnica da FUNTRAB, composta pelo diretor presidente Wilton Acosta, diretor executivo Anivaldo Cardoso e os coordenadores Thales Martins e Clistiano Fernandes.<\/p>\n<p style=\"text-align: justify;\">Ao fazer uso da palavra o coordenador da Casa do Trabalhador destacou que o ve\u00edculo, vem em boa hora, pois ir\u00e1 auxiliar no atendimento aos moradores das \u00e1reas rurais da cidade, bem como nas visitas no com\u00e9rcio local. \u201cNossa equipe agradece o apoio do Munic\u00edpio, da Secretaria de Agricultura e Desenvolvimento pela parceria visando sempre atender da melhor maneira poss\u00edvel os trabalhadores. Hoje em especial tamb\u00e9m agradecemos a FUNTRAB pela doa\u00e7\u00e3o do carro que com certeza ser\u00e1 de grande import\u00e2ncia para o atendimento aos costarriquenses\u201d, enfatiza o gestor.<\/p>\n<p style=\"text-align: justify;\">Para o secret\u00e1rio de Agricultura e Desenvolvimento, Keyler Barbosa, foi de grande valia essa doa\u00e7\u00e3o, assim como receber pela primeira vez a visita da equipe da FUNTRAB na Casa do Trabalhador de Costa Rica. \u201cCom esse novo autom\u00f3vel pretendemos melhorar o servi\u00e7o prestado e dobrar a quantidade de carteiras registradas que hoje \u00e9 de aproximadamente 250 por m\u00eas\u201d, relata.<\/p>\n<p style=\"text-align: justify;\">A equipe que estava devendo uma visita ao Munic\u00edpio parabenizou a Casa do Trabalhador de Costa Rica pelo saldo alto de gera\u00e7\u00e3o de emprego e pretende inserir uma Casa da Qualifica\u00e7\u00e3o Profissional na cidade. \u201cA doa\u00e7\u00e3o do carro \u00e9 pelo bom desempenho do \u00f3rg\u00e3o. Para ajudar mais ao Munic\u00edpio, queremos pagar a loca\u00e7\u00e3o de um espa\u00e7o para que a Casa do Trabalhador possa funcionar em um local melhor\u201d, afirmou o coordenador administrativo da Funtrab.<\/p>\n<p style=\"text-align: justify;\">O prefeito Waldeli agradeceu a presen\u00e7a da equipe juntamente com a doa\u00e7\u00e3o e pediu mais. Ele ressaltou que a Casa do Trabalhador precisa de um pr\u00e9dio pr\u00f3prio, pois o local onde est\u00e1 instalado \u00e9 improvisado. O Chefe do Executivo Municipal ainda pediu que a FUNTRAB liberasse uma cota de combust\u00edvel para manter o autom\u00f3vel, pedido que foi prontamente atendido pela equipe da Funda\u00e7\u00e3o do Trabalho.<\/p>\n<p style=\"text-align: justify;\">\u201c\u00c9 a primeira vez como prefeito que recebo a equipe da FUNTRAB e declaro que precisamos caminhar lado a lado sempre em parceria. O que nos puderem oferecer j\u00e1 vai ajudar. Nossa cidade tem recebido muitos candidatos \u00e0 vaga de emprego, inclusive de outros estados, ent\u00e3o precisaremos de aux\u00edlio\u201d, comentou Waldeli.<\/p>\n<p style=\"text-align: justify;\">O presidente da C\u00e2mara de Vereadores, Averaldo Barbosa, agradeceu a presen\u00e7a dos dirigentes e os convidou a voltarem mais vezes. \u201cS\u00e3o parcerias importantes como essa que tem dado muito resultado e traz benef\u00edcio \u00e0 popula\u00e7\u00e3o de Costa Rica\u201d, comemora.<\/p>\n<p style=\"text-align: justify;\">Tamb\u00e9m prestigiaram a entrega do autom\u00f3vel, os secret\u00e1rios Renato Barbosa de Melo (Transportes, Urbaniza\u00e7\u00e3o e Obras P\u00fablicas), Luana Oliveira da Silva (interina de Assist\u00eancia Social), Paulo Renato Andriani (Administra\u00e7\u00e3o e Finan\u00e7as \/ e interino de Turismo, Meio Ambiente, Esporte e Cultura), al\u00e9m do vice-presidente do Poder Legislativo Ailton Martins de Amorim e os vereadores Jovenaldo Francisco dos Santos, Waldomiro Bocalan, Ros\u00e2ngela Mar\u00e7al e Lucas L\u00e1zaro Gerolomo. Al\u00e9m da diretora-presidente interina do SAAE \u2013 Servi\u00e7o Municipal de \u00c1gua e Esgoto, Claudia Alonso Nadai Teixeira e dos assessores municipais Ivanildo Ferrari e Ant\u00f4nio Divino F\u00e9lix Rodrigues.<\/p>\n<p style=\"text-align: justify;\">\nFoto: Igor Santana &#8211; ASSECOM\/PMCR<\/p>\n","protected":false},"excerpt":{"rendered":"<p>A Casa do Trabalho de Costa Rica \u2013 MS recebeu na tarde da \u00faltima quinta-feira, 14 de abril de 2016, da FUNTRAB\/MS &#8211; Funda\u00e7\u00e3o do Trabalho de Mato Grosso do Sul \u2013 um ve\u00edculo Ford Fiesta para atender os servi\u00e7os administrativos do \u00f3rg\u00e3o ligado ao Governo Municipal por meio da Secretaria de Agricultura e Desenvolvimento. [&hellip;]<\/p>\n","protected":false},"author":4,"featured_media":25410,"comment_status":"closed","ping_status":"closed","sticky":false,"template":"","format":"standard","meta":{"footnotes":""},"categories":[25],"tags":[],"class_list":["post-25409","post","type-post","status-publish","format-standard","has-post-thumbnail","hentry","category-costa-rica"],"_links":{"self":[{"href":"https:\/\/www.ocorreionews.com.br\/acervo-correio\/index.php?rest_route=\/wp\/v2\/posts\/25409","targetHints":{"allow":["GET"]}}],"collection":[{"href":"https:\/\/www.ocorreionews.com.br\/acervo-correio\/index.php?rest_route=\/wp\/v2\/posts"}],"about":[{"href":"https:\/\/www.ocorreionews.com.br\/acervo-correio\/index.php?rest_route=\/wp\/v2\/types\/post"}],"author":[{"embeddable":true,"href":"https:\/\/www.ocorreionews.com.br\/acervo-correio\/index.php?rest_route=\/wp\/v2\/users\/4"}],"replies":[{"embeddable":true,"href":"https:\/\/www.ocorreionews.com.br\/acervo-correio\/index.php?rest_route=%2Fwp%2Fv2%2Fcomments&post=25409"}],"version-history":[{"count":0,"href":"https:\/\/www.ocorreionews.com.br\/acervo-correio\/index.php?rest_route=\/wp\/v2\/posts\/25409\/revisions"}],"wp:featuredmedia":[{"embeddable":true,"href":"https:\/\/www.ocorreionews.com.br\/acervo-correio\/index.php?rest_route=\/wp\/v2\/media\/25410"}],"wp:attachment":[{"href":"https:\/\/www.ocorreionews.com.br\/acervo-correio\/index.php?rest_route=%2Fwp%2Fv2%2Fmedia&parent=25409"}],"wp:term":[{"taxonomy":"category","embeddable":true,"href":"https:\/\/www.ocorreionews.com.br\/acervo-correio\/index.php?rest_route=%2Fwp%2Fv2%2Fcategories&post=25409"},{"taxonomy":"post_tag","embeddable":true,"href":"https:\/\/www.ocorreionews.com.br\/acervo-correio\/index.php?rest_route=%2Fwp%2Fv2%2Ftags&post=25409"}],"curies":[{"name":"wp","href":"https:\/\/api.w.org\/{rel}","templated":true}]}}