{"id":254120,"date":"2023-10-13T10:38:45","date_gmt":"2023-10-13T14:38:45","guid":{"rendered":"https:\/\/www.ocorreionews.com.br\/acervo-correio\/?p=254120"},"modified":"2023-10-13T10:38:45","modified_gmt":"2023-10-13T14:38:45","slug":"quer-conhecer-um-pouco-de-como-comecou-chapadao-do-sul-veja-as-fotos","status":"publish","type":"post","link":"https:\/\/www.ocorreionews.com.br\/acervo-correio\/?p=254120","title":{"rendered":"Quer conhecer um pouco de como come\u00e7ou Chapad\u00e3o do Sul: Veja as fotos"},"content":{"rendered":"<p>Resolvemos publicar um pouco da hist\u00f3ria do come\u00e7o de Chapad\u00e3o do Sul. Com um grande acdervo de fotos hist\u00f3ricas o Jornalista Adejair Morais, criou EM SEU FACE, um grupo onde ele,\u00a0 mostra em fotos o inicio da cidade e outrols momentos que marcaram a trajet\u00f3ria dos desbravadores dested municipio.<\/p>\n<p>Acesse o Lin abaixo e confiram as fotos<\/p>\n<blockquote><p><a href=\"https:\/\/www.facebook.com\/groups\/1614715942177972\"><em><strong>https:\/\/www.facebook.com\/groups\/1614715942177972<\/strong><\/em><\/a><\/p><\/blockquote>\n","protected":false},"excerpt":{"rendered":"<p>Resolvemos publicar um pouco da hist\u00f3ria do come\u00e7o de Chapad\u00e3o do Sul. Com um grande acdervo de fotos hist\u00f3ricas o Jornalista Adejair Morais, criou EM SEU FACE, um grupo onde ele,\u00a0 mostra em fotos o inicio da cidade e outrols momentos que marcaram a trajet\u00f3ria dos desbravadores dested municipio. Acesse o Lin abaixo e confiram [&hellip;]<\/p>\n","protected":false},"author":4,"featured_media":254121,"comment_status":"closed","ping_status":"closed","sticky":false,"template":"","format":"standard","meta":{"footnotes":""},"categories":[23,41],"tags":[],"class_list":["post-254120","post","type-post","status-publish","format-standard","has-post-thumbnail","hentry","category-chapadao-do-sul","category-destaque"],"_links":{"self":[{"href":"https:\/\/www.ocorreionews.com.br\/acervo-correio\/index.php?rest_route=\/wp\/v2\/posts\/254120","targetHints":{"allow":["GET"]}}],"collection":[{"href":"https:\/\/www.ocorreionews.com.br\/acervo-correio\/index.php?rest_route=\/wp\/v2\/posts"}],"about":[{"href":"https:\/\/www.ocorreionews.com.br\/acervo-correio\/index.php?rest_route=\/wp\/v2\/types\/post"}],"author":[{"embeddable":true,"href":"https:\/\/www.ocorreionews.com.br\/acervo-correio\/index.php?rest_route=\/wp\/v2\/users\/4"}],"replies":[{"embeddable":true,"href":"https:\/\/www.ocorreionews.com.br\/acervo-correio\/index.php?rest_route=%2Fwp%2Fv2%2Fcomments&post=254120"}],"version-history":[{"count":1,"href":"https:\/\/www.ocorreionews.com.br\/acervo-correio\/index.php?rest_route=\/wp\/v2\/posts\/254120\/revisions"}],"predecessor-version":[{"id":254122,"href":"https:\/\/www.ocorreionews.com.br\/acervo-correio\/index.php?rest_route=\/wp\/v2\/posts\/254120\/revisions\/254122"}],"wp:featuredmedia":[{"embeddable":true,"href":"https:\/\/www.ocorreionews.com.br\/acervo-correio\/index.php?rest_route=\/wp\/v2\/media\/254121"}],"wp:attachment":[{"href":"https:\/\/www.ocorreionews.com.br\/acervo-correio\/index.php?rest_route=%2Fwp%2Fv2%2Fmedia&parent=254120"}],"wp:term":[{"taxonomy":"category","embeddable":true,"href":"https:\/\/www.ocorreionews.com.br\/acervo-correio\/index.php?rest_route=%2Fwp%2Fv2%2Fcategories&post=254120"},{"taxonomy":"post_tag","embeddable":true,"href":"https:\/\/www.ocorreionews.com.br\/acervo-correio\/index.php?rest_route=%2Fwp%2Fv2%2Ftags&post=254120"}],"curies":[{"name":"wp","href":"https:\/\/api.w.org\/{rel}","templated":true}]}}