{"id":254129,"date":"2023-10-14T07:26:24","date_gmt":"2023-10-14T11:26:24","guid":{"rendered":"https:\/\/www.ocorreionews.com.br\/acervo-correio\/?p=254129"},"modified":"2023-10-14T07:26:24","modified_gmt":"2023-10-14T11:26:24","slug":"eclipse-solar-podera-ser-visto-a-partir-das-15h43-minutos-em-mato-grosso-do-sul","status":"publish","type":"post","link":"https:\/\/www.ocorreionews.com.br\/acervo-correio\/?p=254129","title":{"rendered":"Eclipse solar  poder\u00e1 ser visto a partir das 15h43 minutos em Mato Grosso do Sul."},"content":{"rendered":"<p>O fen\u00f4meno astron\u00f4mico chamado de eclipse solar anular, poder\u00e1 ser visto a partir das 15h43 minutos em Mato Grosso do Sul. A confirma\u00e7\u00e3o do hor\u00e1rio foi publicado na p\u00e1gina Time And Date.<\/p>\n<p>Os Sul-mato-grossenses poder\u00e3o apreciar o fen\u00f4meno de forma parcial. J\u00e1 os Estados da regi\u00e3o Norte e Nordeste poder\u00e3o ver o eclipse de forma completa<\/p>\n<p>Conforme o Hit Site, a eclipse come\u00e7ar\u00e1 na parte da manh\u00e3 e ser\u00e1 observado primeiro na costa oeste dos Estados Unidos. O Brasil ser\u00e1 o \u00faltimo pa\u00eds a assistir ao fen\u00f4meno astron\u00f4mico, no per\u00edodo da tarde, que deve ter uma dura\u00e7\u00e3o de duas horas. O ponto m\u00e1ximo ter\u00e1 cerca de cinco minutos.<\/p>\n<div id=\"supertag-ad-c6gt7n9qx\" data-google-query-id=\"CODqmKu29YEDFflA3QIdzokD3Q\">\n<div id=\"google_ads_iframe_\/21830119956,22487812158\/topmidianews.com.br\/23u_D2_DESK_INTERNA_0__container__\"><\/div>\n<\/div>\n<p>Aqueles que pretendem acompanhar o evento experimentar\u00e3o v\u00e1rias fases. Primeiro, quando a lua come\u00e7ar a passar na frente do sol, criar\u00e1 um eclipse parcial em forma de meia-lua, fazendo parecer que a lua est\u00e1 dando uma mordida na nossa estrela.<\/p>\n<p>Uma hora e 20 minutos ap\u00f3s o in\u00edcio do eclipse parcial, a lua se mover\u00e1 diretamente na frente do sol, criando o anel de fogo (tamb\u00e9m chamado de anularidade). Dependendo da sua localiza\u00e7\u00e3o ao longo do caminho, esta fase durar\u00e1 entre um e cinco minutos.<\/p>\n<p>A recomenda\u00e7\u00e3o \u00e9 para n\u00e3o olhar diretamente para o Sol no momento do fen\u00f4meno. Um eclipse solar s\u00f3 pode ser observado com \u00f3culos espec\u00edficos para a visualiza\u00e7\u00e3o do fen\u00f4meno, filtro especial ou olhando para o reflexo do Sol. Nada de usar placas de raio-x, filmes fotogr\u00e1ficos, celulares ou outros artefatos.<\/p>\n<p>O \u00faltimo eclipse anular do Sol ocorreu em junho de 2021, mas n\u00e3o foi vis\u00edvel do Brasil. O pr\u00f3ximo fen\u00f4meno deste tipo ocorrer\u00e1 em 02 de outubro de 2024, mas ser\u00e1 visto no extremo sul da Am\u00e9rica do Sul e em \u00e1reas no oceano Pac\u00edfico.<\/p>\n<p>O alinhamento de Lua, Terra e Sol volta a surgir no c\u00e9u em 17 de fevereiro de 2026, mas s\u00f3 ser\u00e1 vis\u00edvel praticamente na Ant\u00e1rtica. Em 6 de fevereiro de 2027, ele poder\u00e1 ser visto s\u00f3 l\u00e1 no Chu\u00ed, no sul do Rio Grande do Sul.<\/p>\n<p>Elizeu Ribeiro Top Midia<\/p>\n","protected":false},"excerpt":{"rendered":"<p>O fen\u00f4meno astron\u00f4mico chamado de eclipse solar anular, poder\u00e1 ser visto a partir das 15h43 minutos em Mato Grosso do Sul. A confirma\u00e7\u00e3o do hor\u00e1rio foi publicado na p\u00e1gina Time And Date. Os Sul-mato-grossenses poder\u00e3o apreciar o fen\u00f4meno de forma parcial. J\u00e1 os Estados da regi\u00e3o Norte e Nordeste poder\u00e3o ver o eclipse de forma [&hellip;]<\/p>\n","protected":false},"author":5,"featured_media":254130,"comment_status":"closed","ping_status":"closed","sticky":false,"template":"","format":"standard","meta":{"footnotes":""},"categories":[33],"tags":[],"class_list":["post-254129","post","type-post","status-publish","format-standard","has-post-thumbnail","hentry","category-mundo"],"_links":{"self":[{"href":"https:\/\/www.ocorreionews.com.br\/acervo-correio\/index.php?rest_route=\/wp\/v2\/posts\/254129","targetHints":{"allow":["GET"]}}],"collection":[{"href":"https:\/\/www.ocorreionews.com.br\/acervo-correio\/index.php?rest_route=\/wp\/v2\/posts"}],"about":[{"href":"https:\/\/www.ocorreionews.com.br\/acervo-correio\/index.php?rest_route=\/wp\/v2\/types\/post"}],"author":[{"embeddable":true,"href":"https:\/\/www.ocorreionews.com.br\/acervo-correio\/index.php?rest_route=\/wp\/v2\/users\/5"}],"replies":[{"embeddable":true,"href":"https:\/\/www.ocorreionews.com.br\/acervo-correio\/index.php?rest_route=%2Fwp%2Fv2%2Fcomments&post=254129"}],"version-history":[{"count":1,"href":"https:\/\/www.ocorreionews.com.br\/acervo-correio\/index.php?rest_route=\/wp\/v2\/posts\/254129\/revisions"}],"predecessor-version":[{"id":254131,"href":"https:\/\/www.ocorreionews.com.br\/acervo-correio\/index.php?rest_route=\/wp\/v2\/posts\/254129\/revisions\/254131"}],"wp:featuredmedia":[{"embeddable":true,"href":"https:\/\/www.ocorreionews.com.br\/acervo-correio\/index.php?rest_route=\/wp\/v2\/media\/254130"}],"wp:attachment":[{"href":"https:\/\/www.ocorreionews.com.br\/acervo-correio\/index.php?rest_route=%2Fwp%2Fv2%2Fmedia&parent=254129"}],"wp:term":[{"taxonomy":"category","embeddable":true,"href":"https:\/\/www.ocorreionews.com.br\/acervo-correio\/index.php?rest_route=%2Fwp%2Fv2%2Fcategories&post=254129"},{"taxonomy":"post_tag","embeddable":true,"href":"https:\/\/www.ocorreionews.com.br\/acervo-correio\/index.php?rest_route=%2Fwp%2Fv2%2Ftags&post=254129"}],"curies":[{"name":"wp","href":"https:\/\/api.w.org\/{rel}","templated":true}]}}