{"id":254136,"date":"2023-10-14T08:06:30","date_gmt":"2023-10-14T12:06:30","guid":{"rendered":"https:\/\/www.ocorreionews.com.br\/acervo-correio\/?p=254136"},"modified":"2023-10-14T08:06:30","modified_gmt":"2023-10-14T12:06:30","slug":"governo-de-ms-oferece-500-vagas-para-estudantes-da-rede-publica-em-parceria-com-instituto-proa","status":"publish","type":"post","link":"https:\/\/www.ocorreionews.com.br\/acervo-correio\/?p=254136","title":{"rendered":"Governo de MS oferece 500 vagas para estudantes da Rede P\u00fablica em parceria com Instituto PROA"},"content":{"rendered":"<div class=\"entry\">\n<p>Jovens que est\u00e3o concluindo ou j\u00e1 terminaram o Ensino M\u00e9dio em escolas p\u00fablicas de Mato Grosso do Sul j\u00e1 podem se inscrever gratuitamente no curso de capacita\u00e7\u00e3o profissional e prepara\u00e7\u00e3o para o mercado de trabalho oferecido em parceria do Governo do Estado, por meio da Secretaria Executiva de Qualifica\u00e7\u00e3o Profissional e Emprego da Semadesc (Secretaria de Meio Ambiente, Desenvolvimento, Ci\u00eancia, Tecnologia e Inova\u00e7\u00e3o), com o Instituto PROA.<\/p>\n<p>Ao todo, s\u00e3o 500 vagas destinadas a jovens entre 17 e 22 anos, que est\u00e3o concluindo ou j\u00e1 terminaram o Ensino M\u00e9dio em escolas p\u00fablicas. O processo seletivo para o curso da Plataforma PROA est\u00e1 aberto at\u00e9 o dia 15 de janeiro de 2024 e a primeira turma j\u00e1 inicia no dia 29 de janeiro.<\/p>\n<p>Para participar, os interessados precisam fazer a inscri\u00e7\u00e3o no site do PROA, depois responder a um reste b\u00e1sico de l\u00edngua portuguesa, matem\u00e1tica e an\u00e1lise de perfil, e, se for aprovado, segue para a etapa de preenchimento dos dados pessoais para realizar a matr\u00edcula no curso. O link para inscri\u00e7\u00e3o \u00e9 o\u00a0<a href=\"https:\/\/www.proa.org.br\/\" target=\"_blank\" rel=\"noopener\">https:\/\/www.proa.org.br\/<\/a><strong><a href=\"https:\/\/www.proa.org.br\/\" target=\"_blank\" rel=\"noopener\">.<\/a><\/strong><\/p>\n<p>O curso do PROA tem 100 horas e \u00e9 dividido em 4 m\u00f3dulos que preparam os alunos para definirem metas profissionais e se sa\u00edrem bem nas entrevistas de emprego: autoconhecimento, projeto profissional, racioc\u00ednio l\u00f3gico e comunica\u00e7\u00e3o. Semanalmente h\u00e1 tamb\u00e9m encontros ao vivo mediados por tutores.<\/p>\n<p>Os jovens podem optar por cursar um 5\u00ba m\u00f3dulo com uma trilha t\u00e9cnica espec\u00edfica. S\u00e3o sete carreiras \u00e0 escolha, patrocinadas por grandes empresas, com 50 horas de prepara\u00e7\u00e3o para cada: An\u00e1lise de Dados (patrocinado pelo iFood), Varejo (Via &#8211; Funda\u00e7\u00e3o Casas Bahia), Administra\u00e7\u00e3o (P&amp;G), Log\u00edstica (P&amp;G), UX Design (Accenture), Promo\u00e7\u00e3o de Marcas (BRF) e Educa\u00e7\u00e3o Financeira (Bloomberg + Dahlia Capital). Ao final do curso, os participantes recebem certificado de conclus\u00e3o e acesso a uma plataforma exclusiva de vagas de emprego.<\/p>\n<p>\u201cNosso trabalho ser\u00e1 focado na forma\u00e7\u00e3o dos jovens para o mercado de trabalho. Sabemos o quanto eles sofrem com a falta de qualifica\u00e7\u00e3o profissional e o quanto isso reflete na busca pelo primeiro emprego, estamos oferecendo qualifica\u00e7\u00e3o e oportunidades reais. Esse \u00e9 o nosso comprometimento\u201d, afirma Alini Dal\u2019Magro, CEO do Instituto PROA.<\/p>\n<p>O secret\u00e1rio-executivo de Qualifica\u00e7\u00e3o Profissional e Emprego da Semadesc, Bruno Bastos, acrescenta que n\u00e3o h\u00e1 \u00edndice zero de desocupa\u00e7\u00e3o \u201cpois sempre haver\u00e1 um quantitativo de pessoas que ainda procuram trabalho.<\/p>\n<p>Em Mato Grosso do Sul, temos uma quantidade expressiva de vagas de trabalho em aberto, decorrente dos grandes empreendimentos que est\u00e3o se instalando no Estado. Nosso desafio hoje, \u00e9 promover esse encontro entre quem est\u00e1 procurando emprego e as vagas que temos dispon\u00edveis no mercado. Para isso, o Governo lan\u00e7ou o MS-Qualifica, para promover a qualifica\u00e7\u00e3o profissional desses trabalhadores, conforme as demandas que formos identificando.<\/p>\n<p>Reconhecidamente o baixo n\u00edvel de qualifica\u00e7\u00e3o da m\u00e3o de obra \u00e9 um dos principais gargalos ao desenvolvimento econ\u00f4mico e social do Pa\u00eds. Investir na qualifica\u00e7\u00e3o do trabalhador e permitir a inser\u00e7\u00e3o de jovens no mercado de trabalho foram compromissos assumidos pelo governador, Eduardo Riedel. E por isso a parceria com o Instituto PROA vai ao encontro das iniciativas que est\u00e3o em andamento.<\/p>\n<p>O Instituto PROA foi fundado em 2007 com o objetivo de auxiliar jovens de baixa renda a ingressarem no mercado de trabalho, dividindo conhecimentos sobre carreiras, planejamento, autoconhecimento para voca\u00e7\u00f5es e comunica\u00e7\u00e3o.<\/p>\n<p>Desde ent\u00e3o, j\u00e1 formou e impactou mais de 36 mil alunos com seus dois principais projetos, Plataforma PROA \u2013 prepara\u00e7\u00e3o para o primeiro emprego \u2013 e PROPROFISS\u00c3O \u2013 curso de programa\u00e7\u00e3o. Atualmente, a Plataforma PROA atua nos estados de S\u00e3o Paulo, Rio de Janeiro, Minas Gerais, Paran\u00e1, Santa Catarina e Rio Grande do Sul. Acaba de chegar no Mato Grosso do Sul, Goi\u00e1s e Distrito Federal.<\/p>\n<p><strong>Servi\u00e7o \u2013 Plataforma PROA<\/strong><br \/>\nProcesso seletivo para a Plataforma PROA: at\u00e9 15 de janeiro de 2024<br \/>\nIn\u00edcio das aulas: 29 de janeiro de 2023<br \/>\nInscri\u00e7\u00f5es atrav\u00e9s do site:\u00a0<a href=\"https:\/\/www.proa.org.br\/plataforma-proa\/\">https:\/\/www.proa.org.br\/plataforma-proa\/<\/a><\/p>\n<p><strong>Requisitos:<\/strong><br \/>\n&#8211; Ter entre 17 e 22 anos;<br \/>\n&#8211; Morar no estado do Mato Grosso do Sul<br \/>\n&#8211; Estar cursando ou ter conclu\u00eddo o 3\u00ba ano do Ensino M\u00e9dio em escola p\u00fablica.<br \/>\n&#8211; Vagas para o Estado: 500<\/p>\n<p><em>Marcelo Armoa, Comunica\u00e7\u00e3o Semadesc<\/em><br \/>\n<em>Foto: Divulga\u00e7\u00e3o<\/em><\/p>\n<\/div>\n","protected":false},"excerpt":{"rendered":"<p>Jovens que est\u00e3o concluindo ou j\u00e1 terminaram o Ensino M\u00e9dio em escolas p\u00fablicas de Mato Grosso do Sul j\u00e1 podem se inscrever gratuitamente no curso de capacita\u00e7\u00e3o profissional e prepara\u00e7\u00e3o para o mercado de trabalho oferecido em parceria do Governo do Estado, por meio da Secretaria Executiva de Qualifica\u00e7\u00e3o Profissional e Emprego da Semadesc (Secretaria [&hellip;]<\/p>\n","protected":false},"author":5,"featured_media":254137,"comment_status":"closed","ping_status":"closed","sticky":false,"template":"","format":"standard","meta":{"footnotes":""},"categories":[27,37],"tags":[],"class_list":["post-254136","post","type-post","status-publish","format-standard","has-post-thumbnail","hentry","category-educacao","category-politica"],"_links":{"self":[{"href":"https:\/\/www.ocorreionews.com.br\/acervo-correio\/index.php?rest_route=\/wp\/v2\/posts\/254136","targetHints":{"allow":["GET"]}}],"collection":[{"href":"https:\/\/www.ocorreionews.com.br\/acervo-correio\/index.php?rest_route=\/wp\/v2\/posts"}],"about":[{"href":"https:\/\/www.ocorreionews.com.br\/acervo-correio\/index.php?rest_route=\/wp\/v2\/types\/post"}],"author":[{"embeddable":true,"href":"https:\/\/www.ocorreionews.com.br\/acervo-correio\/index.php?rest_route=\/wp\/v2\/users\/5"}],"replies":[{"embeddable":true,"href":"https:\/\/www.ocorreionews.com.br\/acervo-correio\/index.php?rest_route=%2Fwp%2Fv2%2Fcomments&post=254136"}],"version-history":[{"count":1,"href":"https:\/\/www.ocorreionews.com.br\/acervo-correio\/index.php?rest_route=\/wp\/v2\/posts\/254136\/revisions"}],"predecessor-version":[{"id":254138,"href":"https:\/\/www.ocorreionews.com.br\/acervo-correio\/index.php?rest_route=\/wp\/v2\/posts\/254136\/revisions\/254138"}],"wp:featuredmedia":[{"embeddable":true,"href":"https:\/\/www.ocorreionews.com.br\/acervo-correio\/index.php?rest_route=\/wp\/v2\/media\/254137"}],"wp:attachment":[{"href":"https:\/\/www.ocorreionews.com.br\/acervo-correio\/index.php?rest_route=%2Fwp%2Fv2%2Fmedia&parent=254136"}],"wp:term":[{"taxonomy":"category","embeddable":true,"href":"https:\/\/www.ocorreionews.com.br\/acervo-correio\/index.php?rest_route=%2Fwp%2Fv2%2Fcategories&post=254136"},{"taxonomy":"post_tag","embeddable":true,"href":"https:\/\/www.ocorreionews.com.br\/acervo-correio\/index.php?rest_route=%2Fwp%2Fv2%2Ftags&post=254136"}],"curies":[{"name":"wp","href":"https:\/\/api.w.org\/{rel}","templated":true}]}}