{"id":254142,"date":"2023-10-14T08:26:30","date_gmt":"2023-10-14T12:26:30","guid":{"rendered":"https:\/\/www.ocorreionews.com.br\/acervo-correio\/?p=254142"},"modified":"2023-10-14T08:27:38","modified_gmt":"2023-10-14T12:27:38","slug":"grupo-espanhol-assume-aeroporto-internacional-de-campo-grande","status":"publish","type":"post","link":"https:\/\/www.ocorreionews.com.br\/acervo-correio\/?p=254142","title":{"rendered":"Grupo espanhol assume aeroporto internacional de Campo Grande"},"content":{"rendered":"<p>Respons\u00e1vel por adquirir um lote com aeroportos em quatro estados brasileiros, incluindo Mato Grosso do Sul, o grupo espanhol Aena Brasil iniciou a gest\u00e3o permanente do aeroporto internacional de Campo Grande<\/p>\n<p>Em uma transa\u00e7\u00e3o bilion\u00e1ria de R$2,45 bilh\u00f5es, a empresa adquiriu tamb\u00e9m a gest\u00e3o das pistas de Corumb\u00e1 e Ponta Por\u00e3 no Estado.<\/p>\n<p>Defini\u00e7\u00e3o da negocia\u00e7\u00e3o foi realizada h\u00e1 mais de um ano, em agosto de 2022. A programa\u00e7\u00e3o para o in\u00edcio das opera\u00e7\u00f5es foi especificado no plano de tarifas aeroportu\u00e1rias divulgado pela empresa.<br \/>\nCorumb\u00e1 e Ponta Por\u00e3, que tamb\u00e9m ser\u00e3o geridas pela concession\u00e1ria, tem previs\u00e3o de iniciar oficialmente o trabalho no in\u00edcio do pr\u00f3ximo m\u00eas (novembro).<\/p>\n<p>A Aena j\u00e1 havia assinado, em mar\u00e7o deste ano, o contrato de concess\u00e3o dos aeroportos, mas aguardava pela Ag\u00eancia Nacional de Avia\u00e7\u00e3o Civil (Anac), respons\u00e1vel por atestar\u00a0a efic\u00e1cia do documento &#8211; o que dependia da aceita\u00e7\u00e3o da forma de pagamento.<\/p>\n<p>A administra\u00e7\u00e3o do aeroporto internacional de Campo Grande era at\u00e9 ent\u00e3o realizada de forma integral pela Infraero Operador de Avi\u00f5es. O terminal\u00a0foi criado em 21 de julho de 1953. Em 20 de janeiro de 1964 foi inaugurado o primeiro Terminal de Passageiros e em 1967 foram constru\u00eddos os p\u00e1tios de estacionamento de aeronaves civil e militar.<\/p>\n<p>A ordem de servi\u00e7o que d\u00e1 efic\u00e1cia ao contrato foi publicada no Di\u00e1rio Oficial da Uni\u00e3o de seis de junho. Essa era a etapa pendente para que a operadora come\u00e7asse o processo de transi\u00e7\u00e3o para assumir os aeroportos de: Campinas (Congonhas), Uberl\u00e2ndia, Uberaba, Montes Claros, Campo Grande, Ponta Por\u00e3, Corumb\u00e1, Caraj\u00e1s, Santar\u00e9m, Altamira e Marab\u00e1. O prazo previsto de concess\u00e3o \u00e9 de 30 anos.<\/p>\n<p>Os espanh\u00f3is j\u00e1 operam seis aeroportos no Nordeste do Pa\u00eds, sendo Recife, Macei\u00f3, Jo\u00e3o Pessoa, Aracaju, Juazeiro do Norte e Campina Grande.<\/p>\n<p>MELHORIAS<\/p>\n<p>Com o in\u00edcio das atividades a ocorrerem a partir de amanh\u00e3, na Capital, o conglomerado deve iniciar a fase de reformas estruturais no local. Uma s\u00e9rie de melhorias ser\u00e1 feita no prazo de 36 meses (3 anos), incluindo aumento da capacidade de passageiros, p\u00e1tio com 11 posi\u00e7\u00f5es para aeronaves comerciais c\u00f3digo C, como o Airbus 320 e Boeing 737-800.<\/p>\n<p>O sistema de luzes \u00e9 outra parte a ser renovada, incluindo toda a cabeceira das pistas de pouso e decolagem, al\u00e9m de diversos detalhes t\u00e9cnicos e pr\u00e1ticos na rotina do aeroporto, que recentemente realizou novas contrata\u00e7\u00f5es, realizando renova\u00e7\u00e3o na parte de pessoal.<\/p>\n<p>No Estado, os terminais de Ponta Por\u00e3 e Corumb\u00e1 que ser\u00e3o assumidos respectivamente nos dias 7 e 10 de novembro pela espanhola passar\u00e3o por mudan\u00e7as semelhantes.<\/p>\n<p><a title=\"Evelyn Thamaris\" href=\"https:\/\/correiodoestado.com.br\/autor\/evelyn-thamaris\/\">Evelyn Thamaris<\/a> correiodoestado<\/p>\n","protected":false},"excerpt":{"rendered":"<p>Respons\u00e1vel por adquirir um lote com aeroportos em quatro estados brasileiros, incluindo Mato Grosso do Sul, o grupo espanhol Aena Brasil iniciou a gest\u00e3o permanente do aeroporto internacional de Campo Grande Em uma transa\u00e7\u00e3o bilion\u00e1ria de R$2,45 bilh\u00f5es, a empresa adquiriu tamb\u00e9m a gest\u00e3o das pistas de Corumb\u00e1 e Ponta Por\u00e3 no Estado. Defini\u00e7\u00e3o da [&hellip;]<\/p>\n","protected":false},"author":5,"featured_media":254143,"comment_status":"closed","ping_status":"closed","sticky":false,"template":"","format":"standard","meta":{"footnotes":""},"categories":[26],"tags":[],"class_list":["post-254142","post","type-post","status-publish","format-standard","has-post-thumbnail","hentry","category-economia"],"_links":{"self":[{"href":"https:\/\/www.ocorreionews.com.br\/acervo-correio\/index.php?rest_route=\/wp\/v2\/posts\/254142","targetHints":{"allow":["GET"]}}],"collection":[{"href":"https:\/\/www.ocorreionews.com.br\/acervo-correio\/index.php?rest_route=\/wp\/v2\/posts"}],"about":[{"href":"https:\/\/www.ocorreionews.com.br\/acervo-correio\/index.php?rest_route=\/wp\/v2\/types\/post"}],"author":[{"embeddable":true,"href":"https:\/\/www.ocorreionews.com.br\/acervo-correio\/index.php?rest_route=\/wp\/v2\/users\/5"}],"replies":[{"embeddable":true,"href":"https:\/\/www.ocorreionews.com.br\/acervo-correio\/index.php?rest_route=%2Fwp%2Fv2%2Fcomments&post=254142"}],"version-history":[{"count":2,"href":"https:\/\/www.ocorreionews.com.br\/acervo-correio\/index.php?rest_route=\/wp\/v2\/posts\/254142\/revisions"}],"predecessor-version":[{"id":254145,"href":"https:\/\/www.ocorreionews.com.br\/acervo-correio\/index.php?rest_route=\/wp\/v2\/posts\/254142\/revisions\/254145"}],"wp:featuredmedia":[{"embeddable":true,"href":"https:\/\/www.ocorreionews.com.br\/acervo-correio\/index.php?rest_route=\/wp\/v2\/media\/254143"}],"wp:attachment":[{"href":"https:\/\/www.ocorreionews.com.br\/acervo-correio\/index.php?rest_route=%2Fwp%2Fv2%2Fmedia&parent=254142"}],"wp:term":[{"taxonomy":"category","embeddable":true,"href":"https:\/\/www.ocorreionews.com.br\/acervo-correio\/index.php?rest_route=%2Fwp%2Fv2%2Fcategories&post=254142"},{"taxonomy":"post_tag","embeddable":true,"href":"https:\/\/www.ocorreionews.com.br\/acervo-correio\/index.php?rest_route=%2Fwp%2Fv2%2Ftags&post=254142"}],"curies":[{"name":"wp","href":"https:\/\/api.w.org\/{rel}","templated":true}]}}