{"id":254228,"date":"2023-10-16T14:18:27","date_gmt":"2023-10-16T18:18:27","guid":{"rendered":"https:\/\/www.ocorreionews.com.br\/acervo-correio\/?p=254228"},"modified":"2023-10-16T14:18:27","modified_gmt":"2023-10-16T18:18:27","slug":"jovem-e-agredida-pelo-namorado-que-nao-aceitava-o-termino-do-relacionamento-em-costa-rica","status":"publish","type":"post","link":"https:\/\/www.ocorreionews.com.br\/acervo-correio\/?p=254228","title":{"rendered":"Jovem \u00e9 agredida pelo namorado que n\u00e3o aceitava o t\u00e9rmino do relacionamento em Costa Rica"},"content":{"rendered":"<p><span data-contrast=\"auto\">Uma jovem de 21 anos pediu socorro para PM de Costa Rica, ap\u00f3s brutalmente agredido pelo namorado que n\u00e3o aceitou o t\u00e9rmino do namoro, na \u00faltima sexta-feira (13).<\/span><span data-ccp-props=\"{&quot;134233117&quot;:false,&quot;134233118&quot;:false,&quot;201341983&quot;:0,&quot;335551550&quot;:1,&quot;335551620&quot;:1,&quot;335559685&quot;:0,&quot;335559737&quot;:0,&quot;335559738&quot;:0,&quot;335559739&quot;:160,&quot;335559740&quot;:259}\">\u00a0<\/span><\/p>\n<p><span data-contrast=\"auto\">De acordo com informa\u00e7\u00f5es do Boletim de Ocorr\u00eancia, por volta das 10h30min, a Pol\u00edcia Militar de Costa Rica foi acionada pela v\u00edtima para atender a uma ocorr\u00eancia de viol\u00eancia dom\u00e9stica na Rua Angico, no local a v\u00edtima relatou aos militares que sofreu agress\u00f5es de seu companheiro de 24 anos durante uma discuss\u00e3o na qual a pauta seria o fim o relacionamento, que a partir disso o autor passou a agredi-la com socos e pontap\u00e9s, vindo a lhe ferir nas pernas bra\u00e7os, pesco\u00e7o e cabe\u00e7a, e ainda danificou o celular da v\u00edtima ap\u00f3s jog\u00e1-lo contra a parede. <\/span><span data-ccp-props=\"{&quot;134233117&quot;:false,&quot;134233118&quot;:false,&quot;201341983&quot;:0,&quot;335551550&quot;:1,&quot;335551620&quot;:1,&quot;335559685&quot;:0,&quot;335559737&quot;:0,&quot;335559738&quot;:0,&quot;335559739&quot;:160,&quot;335559740&quot;:259}\">\u00a0<\/span><\/p>\n<p><span data-contrast=\"auto\">O autor fugiu do local antes da chegada da pol\u00edcia, que realizaram rondas em busca de localizar o mesmo, n\u00e3o sendo logrado \u00eaxito. <\/span><span data-ccp-props=\"{&quot;134233117&quot;:false,&quot;134233118&quot;:false,&quot;201341983&quot;:0,&quot;335551550&quot;:1,&quot;335551620&quot;:1,&quot;335559685&quot;:0,&quot;335559737&quot;:0,&quot;335559738&quot;:0,&quot;335559739&quot;:160,&quot;335559740&quot;:259}\">\u00a0<\/span><\/p>\n<p><span data-contrast=\"auto\">A v\u00edtima e sua filha de 3 anos foram at\u00e9 a Delegacia de Pol\u00edcia para representar contra o autor.<\/span><span data-ccp-props=\"{&quot;134233117&quot;:false,&quot;134233118&quot;:false,&quot;201341983&quot;:0,&quot;335551550&quot;:1,&quot;335551620&quot;:1,&quot;335559685&quot;:0,&quot;335559737&quot;:0,&quot;335559738&quot;:0,&quot;335559739&quot;:160,&quot;335559740&quot;:259}\">\u00a0<\/span><\/p>\n","protected":false},"excerpt":{"rendered":"<p>Uma jovem de 21 anos pediu socorro para PM de Costa Rica, ap\u00f3s brutalmente agredido pelo namorado que n\u00e3o aceitou o t\u00e9rmino do namoro, na \u00faltima sexta-feira (13).\u00a0 De acordo com informa\u00e7\u00f5es do Boletim de Ocorr\u00eancia, por volta das 10h30min, a Pol\u00edcia Militar de Costa Rica foi acionada pela v\u00edtima para atender a uma ocorr\u00eancia [&hellip;]<\/p>\n","protected":false},"author":5,"featured_media":241268,"comment_status":"closed","ping_status":"closed","sticky":false,"template":"","format":"standard","meta":{"footnotes":""},"categories":[25,38],"tags":[],"class_list":["post-254228","post","type-post","status-publish","format-standard","has-post-thumbnail","hentry","category-costa-rica","category-policia"],"_links":{"self":[{"href":"https:\/\/www.ocorreionews.com.br\/acervo-correio\/index.php?rest_route=\/wp\/v2\/posts\/254228","targetHints":{"allow":["GET"]}}],"collection":[{"href":"https:\/\/www.ocorreionews.com.br\/acervo-correio\/index.php?rest_route=\/wp\/v2\/posts"}],"about":[{"href":"https:\/\/www.ocorreionews.com.br\/acervo-correio\/index.php?rest_route=\/wp\/v2\/types\/post"}],"author":[{"embeddable":true,"href":"https:\/\/www.ocorreionews.com.br\/acervo-correio\/index.php?rest_route=\/wp\/v2\/users\/5"}],"replies":[{"embeddable":true,"href":"https:\/\/www.ocorreionews.com.br\/acervo-correio\/index.php?rest_route=%2Fwp%2Fv2%2Fcomments&post=254228"}],"version-history":[{"count":1,"href":"https:\/\/www.ocorreionews.com.br\/acervo-correio\/index.php?rest_route=\/wp\/v2\/posts\/254228\/revisions"}],"predecessor-version":[{"id":254229,"href":"https:\/\/www.ocorreionews.com.br\/acervo-correio\/index.php?rest_route=\/wp\/v2\/posts\/254228\/revisions\/254229"}],"wp:featuredmedia":[{"embeddable":true,"href":"https:\/\/www.ocorreionews.com.br\/acervo-correio\/index.php?rest_route=\/wp\/v2\/media\/241268"}],"wp:attachment":[{"href":"https:\/\/www.ocorreionews.com.br\/acervo-correio\/index.php?rest_route=%2Fwp%2Fv2%2Fmedia&parent=254228"}],"wp:term":[{"taxonomy":"category","embeddable":true,"href":"https:\/\/www.ocorreionews.com.br\/acervo-correio\/index.php?rest_route=%2Fwp%2Fv2%2Fcategories&post=254228"},{"taxonomy":"post_tag","embeddable":true,"href":"https:\/\/www.ocorreionews.com.br\/acervo-correio\/index.php?rest_route=%2Fwp%2Fv2%2Ftags&post=254228"}],"curies":[{"name":"wp","href":"https:\/\/api.w.org\/{rel}","templated":true}]}}