{"id":254230,"date":"2023-10-16T14:32:22","date_gmt":"2023-10-16T18:32:22","guid":{"rendered":"https:\/\/www.ocorreionews.com.br\/acervo-correio\/?p=254230"},"modified":"2023-10-16T14:32:22","modified_gmt":"2023-10-16T18:32:22","slug":"homem-e-preso-em-chapadao-do-sul-por-descumprir-medida-protetiva","status":"publish","type":"post","link":"https:\/\/www.ocorreionews.com.br\/acervo-correio\/?p=254230","title":{"rendered":"Homem \u00e9 preso em Chapad\u00e3o do Sul por descumprir medida protetiva"},"content":{"rendered":"<p><span data-contrast=\"auto\">Na manh\u00e3 deste domingo (15), um homem de 29 anos foi preso ao descumprir uma medida de protetiva que sua ex esposa tem contra ele, na cidade de Chapad\u00e3o do Sul.<\/span><span data-ccp-props=\"{&quot;134233117&quot;:false,&quot;134233118&quot;:false,&quot;201341983&quot;:0,&quot;335551550&quot;:1,&quot;335551620&quot;:1,&quot;335559685&quot;:0,&quot;335559737&quot;:0,&quot;335559738&quot;:0,&quot;335559739&quot;:160,&quot;335559740&quot;:259}\">\u00a0<\/span><\/p>\n<p><span data-contrast=\"auto\">Segundo informa\u00e7\u00f5es retiradas do Boletim de Ocorr\u00eancia, por volta das 11 horas, a Pol\u00edcia Militar de Chapad\u00e3o do Sul, foi\u00a0acionada a comparecer em uma resid\u00eancia do Bairro Esplanada V,\u00a0pela v\u00edtima de 30 anos, relatou que possui medida protetiva em desfavor de seu ex marido. E que ao chegar em sua resid\u00eancia deparou-se com o autor no interior de sua casa e com outra mulher, disse tamb\u00e9m que o autor vem a seguindo no trabalho e na casa de seus familiares. <\/span><span data-ccp-props=\"{&quot;134233117&quot;:false,&quot;134233118&quot;:false,&quot;201341983&quot;:0,&quot;335551550&quot;:1,&quot;335551620&quot;:1,&quot;335559685&quot;:0,&quot;335559737&quot;:0,&quot;335559738&quot;:0,&quot;335559739&quot;:160,&quot;335559740&quot;:259}\">\u00a0<\/span><\/p>\n<p><span data-contrast=\"auto\">Os policiais foram at\u00e9, e encontrou o autor, que relatou que n\u00e3o teria ido at\u00e9 a resid\u00eancia em busca da v\u00edtima, queria apenas se abrigar. <\/span><span data-ccp-props=\"{&quot;134233117&quot;:false,&quot;134233118&quot;:false,&quot;201341983&quot;:0,&quot;335551550&quot;:1,&quot;335551620&quot;:1,&quot;335559685&quot;:0,&quot;335559737&quot;:0,&quot;335559738&quot;:0,&quot;335559739&quot;:160,&quot;335559740&quot;:259}\">\u00a0<\/span><\/p>\n<p><span data-contrast=\"auto\">Diante dos fatos o autor foi conduzido para a Delegacia de Pol\u00edcia pela desobedi\u00eancia judicial de aproximar-se da v\u00edtima.<\/span><span data-ccp-props=\"{&quot;134233117&quot;:false,&quot;134233118&quot;:false,&quot;201341983&quot;:0,&quot;335551550&quot;:1,&quot;335551620&quot;:1,&quot;335559685&quot;:0,&quot;335559737&quot;:0,&quot;335559738&quot;:0,&quot;335559739&quot;:160,&quot;335559740&quot;:259}\">\u00a0<\/span><\/p>\n","protected":false},"excerpt":{"rendered":"<p>Na manh\u00e3 deste domingo (15), um homem de 29 anos foi preso ao descumprir uma medida de protetiva que sua ex esposa tem contra ele, na cidade de Chapad\u00e3o do Sul.\u00a0 Segundo informa\u00e7\u00f5es retiradas do Boletim de Ocorr\u00eancia, por volta das 11 horas, a Pol\u00edcia Militar de Chapad\u00e3o do Sul, foi\u00a0acionada a comparecer em uma [&hellip;]<\/p>\n","protected":false},"author":5,"featured_media":229309,"comment_status":"closed","ping_status":"closed","sticky":false,"template":"","format":"standard","meta":{"footnotes":""},"categories":[23,38],"tags":[],"class_list":["post-254230","post","type-post","status-publish","format-standard","has-post-thumbnail","hentry","category-chapadao-do-sul","category-policia"],"_links":{"self":[{"href":"https:\/\/www.ocorreionews.com.br\/acervo-correio\/index.php?rest_route=\/wp\/v2\/posts\/254230","targetHints":{"allow":["GET"]}}],"collection":[{"href":"https:\/\/www.ocorreionews.com.br\/acervo-correio\/index.php?rest_route=\/wp\/v2\/posts"}],"about":[{"href":"https:\/\/www.ocorreionews.com.br\/acervo-correio\/index.php?rest_route=\/wp\/v2\/types\/post"}],"author":[{"embeddable":true,"href":"https:\/\/www.ocorreionews.com.br\/acervo-correio\/index.php?rest_route=\/wp\/v2\/users\/5"}],"replies":[{"embeddable":true,"href":"https:\/\/www.ocorreionews.com.br\/acervo-correio\/index.php?rest_route=%2Fwp%2Fv2%2Fcomments&post=254230"}],"version-history":[{"count":1,"href":"https:\/\/www.ocorreionews.com.br\/acervo-correio\/index.php?rest_route=\/wp\/v2\/posts\/254230\/revisions"}],"predecessor-version":[{"id":254231,"href":"https:\/\/www.ocorreionews.com.br\/acervo-correio\/index.php?rest_route=\/wp\/v2\/posts\/254230\/revisions\/254231"}],"wp:featuredmedia":[{"embeddable":true,"href":"https:\/\/www.ocorreionews.com.br\/acervo-correio\/index.php?rest_route=\/wp\/v2\/media\/229309"}],"wp:attachment":[{"href":"https:\/\/www.ocorreionews.com.br\/acervo-correio\/index.php?rest_route=%2Fwp%2Fv2%2Fmedia&parent=254230"}],"wp:term":[{"taxonomy":"category","embeddable":true,"href":"https:\/\/www.ocorreionews.com.br\/acervo-correio\/index.php?rest_route=%2Fwp%2Fv2%2Fcategories&post=254230"},{"taxonomy":"post_tag","embeddable":true,"href":"https:\/\/www.ocorreionews.com.br\/acervo-correio\/index.php?rest_route=%2Fwp%2Fv2%2Ftags&post=254230"}],"curies":[{"name":"wp","href":"https:\/\/api.w.org\/{rel}","templated":true}]}}