{"id":254232,"date":"2023-10-16T14:47:24","date_gmt":"2023-10-16T18:47:24","guid":{"rendered":"https:\/\/www.ocorreionews.com.br\/acervo-correio\/?p=254232"},"modified":"2023-10-16T14:47:24","modified_gmt":"2023-10-16T18:47:24","slug":"policia-civil-identifica-autor-e-recupera-produtos-furtados-de-um-comercio-em-costa-rica","status":"publish","type":"post","link":"https:\/\/www.ocorreionews.com.br\/acervo-correio\/?p=254232","title":{"rendered":"Pol\u00edcia Civil identifica autor e recupera produtos furtados de um com\u00e9rcio em Costa Rica"},"content":{"rendered":"<p><span data-contrast=\"auto\">Na manh\u00e3 desta segunda-feira (16), a\u00a0Pol\u00edcia Civil de Costa Rica, obteve sucesso na identifica\u00e7\u00e3o do autor e na recupera\u00e7\u00e3o dos produtos furtados de uma loja na semana passada.<\/span><span data-ccp-props=\"{&quot;134233117&quot;:false,&quot;134233118&quot;:false,&quot;201341983&quot;:0,&quot;335551550&quot;:1,&quot;335551620&quot;:1,&quot;335559685&quot;:0,&quot;335559737&quot;:0,&quot;335559738&quot;:0,&quot;335559739&quot;:160,&quot;335559740&quot;:259}\">\u00a0<\/span><\/p>\n<p><span data-contrast=\"auto\">Segundo informa\u00e7\u00f5es da Assessoria da Pol\u00edcia Civil, no dia 10\/10\/2023, a v\u00edtima, propriet\u00e1rio de uma loja de Produtos de Variedades localizada no Bairro Vila Alvorada, relatou que, por volta das 05:32 horas, chegou \u00e0 sua loja de carona e deixou uma mochila contendo diversos itens de seu estabelecimento (10 REL\u00d3GIOS, 30 CARTEIRAS, 20 BOLSA CARTEIRA, 30 PULSEIRAS, 10 CORRENTES) na frente de sua loja. Ap\u00f3s deixar a mochila, a V\u00edtima retornou ao ve\u00edculo para buscar mais duas caixas com mercadorias para sua loja, no entanto, quando voltou \u00e0 loja, notou que a mochila com os produtos havia desaparecido. <\/span><span data-ccp-props=\"{&quot;134233117&quot;:false,&quot;134233118&quot;:false,&quot;201341983&quot;:0,&quot;335551550&quot;:1,&quot;335551620&quot;:1,&quot;335559685&quot;:0,&quot;335559737&quot;:0,&quot;335559738&quot;:0,&quot;335559739&quot;:160,&quot;335559740&quot;:259}\">\u00a0<\/span><\/p>\n<p><span data-contrast=\"auto\">O crime foi registrado por imagens das c\u00e2meras de seguran\u00e7a de outra loja, que fica ao lado do local onde ocorreu o fato. Com base nas imagens capturadas pelas c\u00e2meras de seguran\u00e7a, a Pol\u00edcia Civil, atrav\u00e9s do SIG (Se\u00e7\u00e3o de Investiga\u00e7\u00f5es Gerais),\u00a0iniciou as investiga\u00e7\u00f5es, que levaram \u00e0 identifica\u00e7\u00e3o do autor do furto e \u00e0 recupera\u00e7\u00e3o dos produtos furtados.<\/span><span data-ccp-props=\"{&quot;134233117&quot;:false,&quot;134233118&quot;:false,&quot;201341983&quot;:0,&quot;335551550&quot;:1,&quot;335551620&quot;:1,&quot;335559685&quot;:0,&quot;335559737&quot;:0,&quot;335559738&quot;:0,&quot;335559739&quot;:160,&quot;335559740&quot;:259}\">\u00a0<\/span><\/p>\n<p><span data-contrast=\"auto\">O trabalho conjunto e dedicado da Pol\u00edcia Civil resultou no sucesso da investiga\u00e7\u00e3o, demonstrando o compromisso em servir e proteger a popula\u00e7\u00e3o. A colabora\u00e7\u00e3o da popula\u00e7\u00e3o e o uso de recursos tecnol\u00f3gicos, como as c\u00e2meras de seguran\u00e7a, desempenharam um papel fundamental na solu\u00e7\u00e3o deste caso.<\/span><span data-ccp-props=\"{&quot;134233117&quot;:false,&quot;134233118&quot;:false,&quot;201341983&quot;:0,&quot;335551550&quot;:1,&quot;335551620&quot;:1,&quot;335559685&quot;:0,&quot;335559737&quot;:0,&quot;335559738&quot;:0,&quot;335559739&quot;:160,&quot;335559740&quot;:259}\">\u00a0<\/span><\/p>\n","protected":false},"excerpt":{"rendered":"<p>Na manh\u00e3 desta segunda-feira (16), a\u00a0Pol\u00edcia Civil de Costa Rica, obteve sucesso na identifica\u00e7\u00e3o do autor e na recupera\u00e7\u00e3o dos produtos furtados de uma loja na semana passada.\u00a0 Segundo informa\u00e7\u00f5es da Assessoria da Pol\u00edcia Civil, no dia 10\/10\/2023, a v\u00edtima, propriet\u00e1rio de uma loja de Produtos de Variedades localizada no Bairro Vila Alvorada, relatou que, [&hellip;]<\/p>\n","protected":false},"author":5,"featured_media":254233,"comment_status":"closed","ping_status":"closed","sticky":false,"template":"","format":"standard","meta":{"footnotes":""},"categories":[25,38],"tags":[],"class_list":["post-254232","post","type-post","status-publish","format-standard","has-post-thumbnail","hentry","category-costa-rica","category-policia"],"_links":{"self":[{"href":"https:\/\/www.ocorreionews.com.br\/acervo-correio\/index.php?rest_route=\/wp\/v2\/posts\/254232","targetHints":{"allow":["GET"]}}],"collection":[{"href":"https:\/\/www.ocorreionews.com.br\/acervo-correio\/index.php?rest_route=\/wp\/v2\/posts"}],"about":[{"href":"https:\/\/www.ocorreionews.com.br\/acervo-correio\/index.php?rest_route=\/wp\/v2\/types\/post"}],"author":[{"embeddable":true,"href":"https:\/\/www.ocorreionews.com.br\/acervo-correio\/index.php?rest_route=\/wp\/v2\/users\/5"}],"replies":[{"embeddable":true,"href":"https:\/\/www.ocorreionews.com.br\/acervo-correio\/index.php?rest_route=%2Fwp%2Fv2%2Fcomments&post=254232"}],"version-history":[{"count":1,"href":"https:\/\/www.ocorreionews.com.br\/acervo-correio\/index.php?rest_route=\/wp\/v2\/posts\/254232\/revisions"}],"predecessor-version":[{"id":254234,"href":"https:\/\/www.ocorreionews.com.br\/acervo-correio\/index.php?rest_route=\/wp\/v2\/posts\/254232\/revisions\/254234"}],"wp:featuredmedia":[{"embeddable":true,"href":"https:\/\/www.ocorreionews.com.br\/acervo-correio\/index.php?rest_route=\/wp\/v2\/media\/254233"}],"wp:attachment":[{"href":"https:\/\/www.ocorreionews.com.br\/acervo-correio\/index.php?rest_route=%2Fwp%2Fv2%2Fmedia&parent=254232"}],"wp:term":[{"taxonomy":"category","embeddable":true,"href":"https:\/\/www.ocorreionews.com.br\/acervo-correio\/index.php?rest_route=%2Fwp%2Fv2%2Fcategories&post=254232"},{"taxonomy":"post_tag","embeddable":true,"href":"https:\/\/www.ocorreionews.com.br\/acervo-correio\/index.php?rest_route=%2Fwp%2Fv2%2Ftags&post=254232"}],"curies":[{"name":"wp","href":"https:\/\/api.w.org\/{rel}","templated":true}]}}