{"id":254236,"date":"2023-10-16T15:03:23","date_gmt":"2023-10-16T19:03:23","guid":{"rendered":"https:\/\/www.ocorreionews.com.br\/acervo-correio\/?p=254236"},"modified":"2023-10-16T15:03:23","modified_gmt":"2023-10-16T19:03:23","slug":"atencao-motoristas-novas-regras-do-insulfim-estao-valendo-desde-janeiro","status":"publish","type":"post","link":"https:\/\/www.ocorreionews.com.br\/acervo-correio\/?p=254236","title":{"rendered":"Aten\u00e7\u00e3o motoristas: novas regras do Insulfim est\u00e3o valendo desde janeiro"},"content":{"rendered":"<p>Com o intuito de manter a privacidade, seguran\u00e7a e at\u00e9 proteger dos raios ultravioletas, muitos ve\u00edculos possuem a pel\u00edcula de vidros, ou acess\u00f3rio popularmente conhecido como Insulfilm. E desde janeiro de 2023 entrou em vigor a resolu\u00e7\u00e3o 989\/22 do Contran (Conselho Nacional de Tr\u00e2nsito) que prev\u00ea novas regras sobre o Insulfim.<\/p>\n<p>Na nova resolu\u00e7\u00e3o, n\u00e3o h\u00e1 mais exig\u00eancia de transpar\u00eancia m\u00ednima do acess\u00f3rio nos vidros laterais traseiros e no vidro traseiro. J\u00e1 no caso do para-brisas e nos vidros laterais dianteiros, ficou estabelecido que devem obedecer a regra de 70% de transpar\u00eancia.<\/p>\n<p>Outra mudan\u00e7a, foi com rela\u00e7\u00e3o ao Insulfim com bolhas e os que n\u00e3o possuem chancela, ou seja, o selo da quantidade de transpar\u00eancia e continua proibido o uso de pel\u00edculas refletivas ou opacas. Pela resolu\u00e7\u00e3o, \u00e9 considerada infra\u00e7\u00e3o de tr\u00e2nsito grave com perda de cinco pontos na carteira e multa no valor de R$ 195,23. Vale lembrar que essas infra\u00e7\u00f5es s\u00e3o aplicadas ao propriet\u00e1rio do ve\u00edculo, n\u00e3o sendo poss\u00edvel a indica\u00e7\u00e3o do condutor.<\/p>\n<p>Para o chefe da fiscaliza\u00e7\u00e3o do Detran-MS, Ruben Ajala, o condutor deve sempre optar e primar pela seguran\u00e7a. \u201cO condutor deve lembrar que os insulfilms de baixa qualidade ou muito escuros, podem acabar atrapalhando a visibilidade tanto a noite, quanto em dias de chuva\u201d.<\/p>\n<p><em>Rodrigo Maia, Detran-MS<\/em><\/p>\n","protected":false},"excerpt":{"rendered":"<p>Com o intuito de manter a privacidade, seguran\u00e7a e at\u00e9 proteger dos raios ultravioletas, muitos ve\u00edculos possuem a pel\u00edcula de vidros, ou acess\u00f3rio popularmente conhecido como Insulfilm. E desde janeiro de 2023 entrou em vigor a resolu\u00e7\u00e3o 989\/22 do Contran (Conselho Nacional de Tr\u00e2nsito) que prev\u00ea novas regras sobre o Insulfim. Na nova resolu\u00e7\u00e3o, n\u00e3o [&hellip;]<\/p>\n","protected":false},"author":5,"featured_media":254238,"comment_status":"closed","ping_status":"closed","sticky":false,"template":"","format":"standard","meta":{"footnotes":""},"categories":[31],"tags":[],"class_list":["post-254236","post","type-post","status-publish","format-standard","has-post-thumbnail","hentry","category-geral"],"_links":{"self":[{"href":"https:\/\/www.ocorreionews.com.br\/acervo-correio\/index.php?rest_route=\/wp\/v2\/posts\/254236","targetHints":{"allow":["GET"]}}],"collection":[{"href":"https:\/\/www.ocorreionews.com.br\/acervo-correio\/index.php?rest_route=\/wp\/v2\/posts"}],"about":[{"href":"https:\/\/www.ocorreionews.com.br\/acervo-correio\/index.php?rest_route=\/wp\/v2\/types\/post"}],"author":[{"embeddable":true,"href":"https:\/\/www.ocorreionews.com.br\/acervo-correio\/index.php?rest_route=\/wp\/v2\/users\/5"}],"replies":[{"embeddable":true,"href":"https:\/\/www.ocorreionews.com.br\/acervo-correio\/index.php?rest_route=%2Fwp%2Fv2%2Fcomments&post=254236"}],"version-history":[{"count":1,"href":"https:\/\/www.ocorreionews.com.br\/acervo-correio\/index.php?rest_route=\/wp\/v2\/posts\/254236\/revisions"}],"predecessor-version":[{"id":254240,"href":"https:\/\/www.ocorreionews.com.br\/acervo-correio\/index.php?rest_route=\/wp\/v2\/posts\/254236\/revisions\/254240"}],"wp:featuredmedia":[{"embeddable":true,"href":"https:\/\/www.ocorreionews.com.br\/acervo-correio\/index.php?rest_route=\/wp\/v2\/media\/254238"}],"wp:attachment":[{"href":"https:\/\/www.ocorreionews.com.br\/acervo-correio\/index.php?rest_route=%2Fwp%2Fv2%2Fmedia&parent=254236"}],"wp:term":[{"taxonomy":"category","embeddable":true,"href":"https:\/\/www.ocorreionews.com.br\/acervo-correio\/index.php?rest_route=%2Fwp%2Fv2%2Fcategories&post=254236"},{"taxonomy":"post_tag","embeddable":true,"href":"https:\/\/www.ocorreionews.com.br\/acervo-correio\/index.php?rest_route=%2Fwp%2Fv2%2Ftags&post=254236"}],"curies":[{"name":"wp","href":"https:\/\/api.w.org\/{rel}","templated":true}]}}