{"id":254239,"date":"2023-10-16T15:22:36","date_gmt":"2023-10-16T19:22:36","guid":{"rendered":"https:\/\/www.ocorreionews.com.br\/acervo-correio\/?p=254239"},"modified":"2023-10-16T15:22:36","modified_gmt":"2023-10-16T19:22:36","slug":"paraiso-prefeitura-e-sebrae-oferecem-cursos-de-informatica-gratuitos","status":"publish","type":"post","link":"https:\/\/www.ocorreionews.com.br\/acervo-correio\/?p=254239","title":{"rendered":"Para\u00edso: Prefeitura e SEBRAE oferecem cursos de inform\u00e1tica gratuitos"},"content":{"rendered":"<p>A semana come\u00e7a com oportunidades de qualifica\u00e7\u00e3o profissional em Para\u00edso das \u00c1guas. A Prefeitura e o Sebrae est\u00e3o oferecendo capacita\u00e7\u00f5es gratuitas na \u00e1rea de inform\u00e1tica para todos aqueles que desejam aprimorar seus conhecimentos ou aprender novas ferramentas.<\/p>\n<p>A \u201cCarreta da Inform\u00e1tica\u201d estacionar\u00e1 em frente ao Pa\u00e7o Municipal entre os dias 30\/10 e 01\/11. As aulas ser\u00e3o ministradas em per\u00edodo integral, das 8 \u00e0s 12 horas e das 13 \u00e0s 17 horas.<\/p>\n<p>Abaixo cronograma:<\/p>\n<p>30\/10 &#8211; Word M\u00f3dulo B\u00e1sico. (Manh\u00e3)<\/p>\n<p>30\/10 &#8211; Power Point M\u00f3dulo B\u00e1sico. (Tarde)<\/p>\n<p>31\/10 &#8211; Excel M\u00f3dulo B\u00e1sico. (Manh\u00e3)<\/p>\n<p>31\/10 &#8211; Word M\u00f3dulo Intermedi\u00e1rio. (Tarde)<\/p>\n<p>01\/11 &#8211; Power Point M\u00f3dulo Intermedi\u00e1rio. (Manh\u00e3)\u00a0\u00a0\u00a0\u00a0\u00a0\u00a0\u00a0\u00a0\u00a0\u00a0\u00a0\u00a0\u00a0\u00a0\u00a0\u00a0\u00a0\u00a0\u00a0\u00a0\u00a0\u00a0\u00a0\u00a0\u00a0\u00a0\u00a0\u00a0\u00a0\u00a0\u00a0\u00a0\u00a0\u00a0\u00a0\u00a0\u00a0\u00a0\u00a0\u00a0\u00a0\u00a0\u00a0\u00a0\u00a0\u00a0\u00a0\u00a0\u00a0\u00a0\u00a0\u00a0\u00a0\u00a0\u00a0\u00a0\u00a0\u00a0\u00a0\u00a0\u00a0\u00a0\u00a0\u00a0\u00a0\u00a0\u00a0\u00a0\u00a0\u00a0\u00a0\u00a0\u00a0\u00a0\u00a0\u00a0\u00a0\u00a0\u00a0\u00a0\u00a0 01\/11 &#8211; Excel M\u00f3dulo Intermedi\u00e1rio. (Tarde)<\/p>\n<p>De acordo com a carga hor\u00e1ria de cada capacita\u00e7\u00e3o, \u00e9 poss\u00edvel participar de todos os cursos ou selecionar apenas aqueles que sejam do interesse dos participantes.<\/p>\n<p>As inscri\u00e7\u00f5es s\u00e3o gratuitas e podem ser realizadas clicando\u00a0<a href=\"http:\/\/https\/\/docs.google.com\/forms\/d\/e\/1FAIpQLSfbjliueBfpjNrleiChAbodxpfAd0iG6pzVbSUEUqePLH2u4w\/viewform?usp=sf_link\">AQUI.<\/a><\/p>\n<p>ASCOM &#8211; Diogo<\/p>\n","protected":false},"excerpt":{"rendered":"<p>A semana come\u00e7a com oportunidades de qualifica\u00e7\u00e3o profissional em Para\u00edso das \u00c1guas. A Prefeitura e o Sebrae est\u00e3o oferecendo capacita\u00e7\u00f5es gratuitas na \u00e1rea de inform\u00e1tica para todos aqueles que desejam aprimorar seus conhecimentos ou aprender novas ferramentas. A \u201cCarreta da Inform\u00e1tica\u201d estacionar\u00e1 em frente ao Pa\u00e7o Municipal entre os dias 30\/10 e 01\/11. As aulas [&hellip;]<\/p>\n","protected":false},"author":4,"featured_media":254245,"comment_status":"closed","ping_status":"closed","sticky":false,"template":"","format":"standard","meta":{"footnotes":""},"categories":[36],"tags":[],"class_list":["post-254239","post","type-post","status-publish","format-standard","has-post-thumbnail","hentry","category-paraiso-das-aguas"],"_links":{"self":[{"href":"https:\/\/www.ocorreionews.com.br\/acervo-correio\/index.php?rest_route=\/wp\/v2\/posts\/254239","targetHints":{"allow":["GET"]}}],"collection":[{"href":"https:\/\/www.ocorreionews.com.br\/acervo-correio\/index.php?rest_route=\/wp\/v2\/posts"}],"about":[{"href":"https:\/\/www.ocorreionews.com.br\/acervo-correio\/index.php?rest_route=\/wp\/v2\/types\/post"}],"author":[{"embeddable":true,"href":"https:\/\/www.ocorreionews.com.br\/acervo-correio\/index.php?rest_route=\/wp\/v2\/users\/4"}],"replies":[{"embeddable":true,"href":"https:\/\/www.ocorreionews.com.br\/acervo-correio\/index.php?rest_route=%2Fwp%2Fv2%2Fcomments&post=254239"}],"version-history":[{"count":1,"href":"https:\/\/www.ocorreionews.com.br\/acervo-correio\/index.php?rest_route=\/wp\/v2\/posts\/254239\/revisions"}],"predecessor-version":[{"id":254246,"href":"https:\/\/www.ocorreionews.com.br\/acervo-correio\/index.php?rest_route=\/wp\/v2\/posts\/254239\/revisions\/254246"}],"wp:featuredmedia":[{"embeddable":true,"href":"https:\/\/www.ocorreionews.com.br\/acervo-correio\/index.php?rest_route=\/wp\/v2\/media\/254245"}],"wp:attachment":[{"href":"https:\/\/www.ocorreionews.com.br\/acervo-correio\/index.php?rest_route=%2Fwp%2Fv2%2Fmedia&parent=254239"}],"wp:term":[{"taxonomy":"category","embeddable":true,"href":"https:\/\/www.ocorreionews.com.br\/acervo-correio\/index.php?rest_route=%2Fwp%2Fv2%2Fcategories&post=254239"},{"taxonomy":"post_tag","embeddable":true,"href":"https:\/\/www.ocorreionews.com.br\/acervo-correio\/index.php?rest_route=%2Fwp%2Fv2%2Ftags&post=254239"}],"curies":[{"name":"wp","href":"https:\/\/api.w.org\/{rel}","templated":true}]}}