{"id":254247,"date":"2023-10-16T15:35:37","date_gmt":"2023-10-16T19:35:37","guid":{"rendered":"https:\/\/www.ocorreionews.com.br\/acervo-correio\/?p=254247"},"modified":"2023-10-16T15:35:37","modified_gmt":"2023-10-16T19:35:37","slug":"com-medo-e-sangramento-na-cabeca-mulher-nega-agressao-mas-pm-prende-homem-por-violencia-domestica-em-costa-rica","status":"publish","type":"post","link":"https:\/\/www.ocorreionews.com.br\/acervo-correio\/?p=254247","title":{"rendered":"Com medo e sangramento na cabe\u00e7a mulher nega agress\u00e3o, mas PM prende homem por Viol\u00eancia Dom\u00e9stica em Costa Rica"},"content":{"rendered":"<p><span data-contrast=\"auto\">Na noite da \u00faltima quarta-feira (12), ap\u00f3s den\u00fancias an\u00f4nimas, PM de Costa Rica\u00a0prendeu um homem de 37 anos que agrediu sua esposa com uma garrafada na cabe\u00e7a, que estava com medo e negava as agress\u00f5es.<\/span><span data-ccp-props=\"{&quot;134233117&quot;:false,&quot;134233118&quot;:false,&quot;201341983&quot;:0,&quot;335551550&quot;:1,&quot;335551620&quot;:1,&quot;335559685&quot;:0,&quot;335559737&quot;:0,&quot;335559738&quot;:0,&quot;335559739&quot;:160,&quot;335559740&quot;:259}\">\u00a0<\/span><\/p>\n<p><span data-contrast=\"auto\">De acordo com informa\u00e7\u00f5es retiradas do Boletim de Ocorr\u00eancia, a Pol\u00edcia Militar de Costa Rica foi acionada por an\u00f4nimos que relataram estar havendo uma briga de casal na Cohab Azul. Imediatamente uma guarni\u00e7\u00e3o se deslocou at\u00e9 o local l\u00e1 o autor estava dentro do carro provavelmente tentado empreender fuga.<\/span><span data-ccp-props=\"{&quot;134233117&quot;:false,&quot;134233118&quot;:false,&quot;201341983&quot;:0,&quot;335551550&quot;:1,&quot;335551620&quot;:1,&quot;335559685&quot;:0,&quot;335559737&quot;:0,&quot;335559738&quot;:0,&quot;335559739&quot;:160,&quot;335559740&quot;:259}\">\u00a0<\/span><\/p>\n<p><span data-contrast=\"auto\">A v\u00edtima uma jovem de 26 anos, foi visualizada pelos militares com uma les\u00e3o com sangramento em sua t\u00eampora esquerda. A v\u00edtima disse com olhar assustado que havia batido a cabe\u00e7a no arm\u00e1rio, negando quaisquer agress\u00f5es sendo vis\u00edvel seu estado de medo. <\/span><span data-ccp-props=\"{&quot;134233117&quot;:false,&quot;134233118&quot;:false,&quot;201341983&quot;:0,&quot;335551550&quot;:1,&quot;335551620&quot;:1,&quot;335559685&quot;:0,&quot;335559737&quot;:0,&quot;335559738&quot;:0,&quot;335559739&quot;:160,&quot;335559740&quot;:259}\">\u00a0<\/span><\/p>\n<p><span data-contrast=\"auto\">Com a suspeita de que a v\u00edtima com medo estava querendo acobertar o companheiro, os policiais conversarem com as crian\u00e7as filhas do casal e a vers\u00e3o foi desmentida, que explicaram que seu pai chegou b\u00eabado e durante a discuss\u00e3o arremessou uma garrafa que acertou sua m\u00e3e. Os militares ao adentrarem no local verificaram garrafas quebradas pela resid\u00eancia, em seguida foi dada voz de pris\u00e3o ao autor.<\/span><span data-ccp-props=\"{&quot;134233117&quot;:false,&quot;134233118&quot;:false,&quot;201341983&quot;:0,&quot;335551550&quot;:1,&quot;335551620&quot;:1,&quot;335559685&quot;:0,&quot;335559737&quot;:0,&quot;335559738&quot;:0,&quot;335559739&quot;:160,&quot;335559740&quot;:259}\">\u00a0<\/span><\/p>\n","protected":false},"excerpt":{"rendered":"<p>Na noite da \u00faltima quarta-feira (12), ap\u00f3s den\u00fancias an\u00f4nimas, PM de Costa Rica\u00a0prendeu um homem de 37 anos que agrediu sua esposa com uma garrafada na cabe\u00e7a, que estava com medo e negava as agress\u00f5es.\u00a0 De acordo com informa\u00e7\u00f5es retiradas do Boletim de Ocorr\u00eancia, a Pol\u00edcia Militar de Costa Rica foi acionada por an\u00f4nimos que [&hellip;]<\/p>\n","protected":false},"author":5,"featured_media":246792,"comment_status":"closed","ping_status":"closed","sticky":false,"template":"","format":"standard","meta":{"footnotes":""},"categories":[25,38],"tags":[],"class_list":["post-254247","post","type-post","status-publish","format-standard","has-post-thumbnail","hentry","category-costa-rica","category-policia"],"_links":{"self":[{"href":"https:\/\/www.ocorreionews.com.br\/acervo-correio\/index.php?rest_route=\/wp\/v2\/posts\/254247","targetHints":{"allow":["GET"]}}],"collection":[{"href":"https:\/\/www.ocorreionews.com.br\/acervo-correio\/index.php?rest_route=\/wp\/v2\/posts"}],"about":[{"href":"https:\/\/www.ocorreionews.com.br\/acervo-correio\/index.php?rest_route=\/wp\/v2\/types\/post"}],"author":[{"embeddable":true,"href":"https:\/\/www.ocorreionews.com.br\/acervo-correio\/index.php?rest_route=\/wp\/v2\/users\/5"}],"replies":[{"embeddable":true,"href":"https:\/\/www.ocorreionews.com.br\/acervo-correio\/index.php?rest_route=%2Fwp%2Fv2%2Fcomments&post=254247"}],"version-history":[{"count":1,"href":"https:\/\/www.ocorreionews.com.br\/acervo-correio\/index.php?rest_route=\/wp\/v2\/posts\/254247\/revisions"}],"predecessor-version":[{"id":254248,"href":"https:\/\/www.ocorreionews.com.br\/acervo-correio\/index.php?rest_route=\/wp\/v2\/posts\/254247\/revisions\/254248"}],"wp:featuredmedia":[{"embeddable":true,"href":"https:\/\/www.ocorreionews.com.br\/acervo-correio\/index.php?rest_route=\/wp\/v2\/media\/246792"}],"wp:attachment":[{"href":"https:\/\/www.ocorreionews.com.br\/acervo-correio\/index.php?rest_route=%2Fwp%2Fv2%2Fmedia&parent=254247"}],"wp:term":[{"taxonomy":"category","embeddable":true,"href":"https:\/\/www.ocorreionews.com.br\/acervo-correio\/index.php?rest_route=%2Fwp%2Fv2%2Fcategories&post=254247"},{"taxonomy":"post_tag","embeddable":true,"href":"https:\/\/www.ocorreionews.com.br\/acervo-correio\/index.php?rest_route=%2Fwp%2Fv2%2Ftags&post=254247"}],"curies":[{"name":"wp","href":"https:\/\/api.w.org\/{rel}","templated":true}]}}