{"id":254250,"date":"2023-10-16T16:20:35","date_gmt":"2023-10-16T20:20:35","guid":{"rendered":"https:\/\/www.ocorreionews.com.br\/acervo-correio\/?p=254250"},"modified":"2023-10-16T16:20:35","modified_gmt":"2023-10-16T20:20:35","slug":"ao-saber-que-ia-ser-demitido-funcionario-furta-e-incendeia-carro-de-empresa-de-chapadao-do-sul","status":"publish","type":"post","link":"https:\/\/www.ocorreionews.com.br\/acervo-correio\/?p=254250","title":{"rendered":"Ao saber que ia ser demitido, funcion\u00e1rio furta e incendeia carro de empresa de Chapad\u00e3o do Sul"},"content":{"rendered":"<p><span data-contrast=\"auto\">Na manh\u00e3 desta segunda-feira (16), um jovem de 20 anos que trabalha em um imobili\u00e1ria de Chapad\u00e3o do Sul, ao saber que seria demitido furtou o ve\u00edculo da empresa e incendiou na rodovia MS 316 em Para\u00edso das \u00c1guas.<\/span><span data-ccp-props=\"{&quot;201341983&quot;:0,&quot;335559739&quot;:160,&quot;335559740&quot;:259}\">\u00a0<\/span><\/p>\n<p><span data-contrast=\"auto\">Segundo site BNC Not\u00edcias, a Pol\u00edcia Militar de Para\u00edso das \u00c1guas foi acionada na manh\u00e3 desta segunda-feira (16) para interceptar um ve\u00edculo Fiat Strada, que havia sido furtado de uma empresa imobili\u00e1ria de Chapad\u00e3o do Sul. O ve\u00edculo foi encontrado abandonado, com os pneus furados e incendiado na rodovia MS 316, que liga a cidade de Para\u00edso das \u00c1guas ao distrito de Posso Alto, a 100 quil\u00f4metros de dist\u00e2ncia, onde ele havia cometido o furto.<\/span><span data-ccp-props=\"{&quot;201341983&quot;:0,&quot;335559739&quot;:160,&quot;335559740&quot;:259}\">\u00a0<\/span><\/p>\n<p><span data-contrast=\"auto\">De acordo com informa\u00e7\u00f5es da Pol\u00edcia Militar repassado ao site, um jovem de 20 anos, que foi localizado, aparentemente sobre efeito de \u00e1lcool, em uma cal\u00e7ada no distrito de Pouso Alto, e ele teria confessado que havia furtado o ve\u00edculo da empresa, ap\u00f3s receber a not\u00edcia de que seria demitido.<\/span><span data-ccp-props=\"{&quot;201341983&quot;:0,&quot;335559739&quot;:160,&quot;335559740&quot;:259}\">\u00a0<\/span><\/p>\n<p><span data-contrast=\"auto\">Ele ent\u00e3o aproveitou a distra\u00e7\u00e3o de um outro funcion\u00e1rio, quando subtraiu o ve\u00edculo e seguiu pela rodovia BR 060 e tinha como destino Camapu\u00e3, mas ao chegar em Para\u00edso das \u00c1guas, resolveu seguir destino Pouso Alto. Com um isqueiro e muito alterado, ele teria provocado o inc\u00eandio no ve\u00edculo e seguido a p\u00e9 at\u00e9 o per\u00edmetro urbano do distrito, onde foi preso em flagrante. O ve\u00edculo foi completamente consumido pelo fogo.<\/span><span data-ccp-props=\"{&quot;201341983&quot;:0,&quot;335559739&quot;:160,&quot;335559740&quot;:259}\">\u00a0<\/span><\/p>\n<p><span data-contrast=\"auto\">O autor foi conduzido \u00e0 delegacia de Pol\u00edcia Civil, onde est\u00e1 sendo lavrado o flagrante delito.<\/span><span data-ccp-props=\"{&quot;201341983&quot;:0,&quot;335559739&quot;:160,&quot;335559740&quot;:259}\">\u00a0<\/span><\/p>\n<p><img loading=\"lazy\" decoding=\"async\" class=\"alignnone size-full wp-image-254252\" src=\"https:\/\/www.ocorreionews.com.br\/acervo-correio\/wp-content\/uploads\/2023\/10\/carro-incendiado-03.jpg\" alt=\"\" width=\"699\" height=\"530\" srcset=\"https:\/\/www.ocorreionews.com.br\/acervo-correio\/wp-content\/uploads\/2023\/10\/carro-incendiado-03.jpg 699w, https:\/\/www.ocorreionews.com.br\/acervo-correio\/wp-content\/uploads\/2023\/10\/carro-incendiado-03-300x227.jpg 300w, https:\/\/www.ocorreionews.com.br\/acervo-correio\/wp-content\/uploads\/2023\/10\/carro-incendiado-03-86x64.jpg 86w\" sizes=\"auto, (max-width: 699px) 100vw, 699px\" \/> <img loading=\"lazy\" decoding=\"async\" class=\"alignnone size-full wp-image-254251\" src=\"https:\/\/www.ocorreionews.com.br\/acervo-correio\/wp-content\/uploads\/2023\/10\/carro-incendiado-02.jpg\" alt=\"\" width=\"700\" height=\"933\" srcset=\"https:\/\/www.ocorreionews.com.br\/acervo-correio\/wp-content\/uploads\/2023\/10\/carro-incendiado-02.jpg 700w, https:\/\/www.ocorreionews.com.br\/acervo-correio\/wp-content\/uploads\/2023\/10\/carro-incendiado-02-225x300.jpg 225w\" sizes=\"auto, (max-width: 700px) 100vw, 700px\" \/><\/p>\n<p>&nbsp;<\/p>\n<p><em>*Com informa\u00e7\u00f5es e Fotos BNC Not\u00edcias\u00a0<\/em><\/p>\n","protected":false},"excerpt":{"rendered":"<p>Na manh\u00e3 desta segunda-feira (16), um jovem de 20 anos que trabalha em um imobili\u00e1ria de Chapad\u00e3o do Sul, ao saber que seria demitido furtou o ve\u00edculo da empresa e incendiou na rodovia MS 316 em Para\u00edso das \u00c1guas.\u00a0 Segundo site BNC Not\u00edcias, a Pol\u00edcia Militar de Para\u00edso das \u00c1guas foi acionada na manh\u00e3 desta [&hellip;]<\/p>\n","protected":false},"author":5,"featured_media":254253,"comment_status":"closed","ping_status":"closed","sticky":false,"template":"","format":"standard","meta":{"footnotes":""},"categories":[23,41,36],"tags":[],"class_list":["post-254250","post","type-post","status-publish","format-standard","has-post-thumbnail","hentry","category-chapadao-do-sul","category-destaque","category-paraiso-das-aguas"],"_links":{"self":[{"href":"https:\/\/www.ocorreionews.com.br\/acervo-correio\/index.php?rest_route=\/wp\/v2\/posts\/254250","targetHints":{"allow":["GET"]}}],"collection":[{"href":"https:\/\/www.ocorreionews.com.br\/acervo-correio\/index.php?rest_route=\/wp\/v2\/posts"}],"about":[{"href":"https:\/\/www.ocorreionews.com.br\/acervo-correio\/index.php?rest_route=\/wp\/v2\/types\/post"}],"author":[{"embeddable":true,"href":"https:\/\/www.ocorreionews.com.br\/acervo-correio\/index.php?rest_route=\/wp\/v2\/users\/5"}],"replies":[{"embeddable":true,"href":"https:\/\/www.ocorreionews.com.br\/acervo-correio\/index.php?rest_route=%2Fwp%2Fv2%2Fcomments&post=254250"}],"version-history":[{"count":1,"href":"https:\/\/www.ocorreionews.com.br\/acervo-correio\/index.php?rest_route=\/wp\/v2\/posts\/254250\/revisions"}],"predecessor-version":[{"id":254272,"href":"https:\/\/www.ocorreionews.com.br\/acervo-correio\/index.php?rest_route=\/wp\/v2\/posts\/254250\/revisions\/254272"}],"wp:featuredmedia":[{"embeddable":true,"href":"https:\/\/www.ocorreionews.com.br\/acervo-correio\/index.php?rest_route=\/wp\/v2\/media\/254253"}],"wp:attachment":[{"href":"https:\/\/www.ocorreionews.com.br\/acervo-correio\/index.php?rest_route=%2Fwp%2Fv2%2Fmedia&parent=254250"}],"wp:term":[{"taxonomy":"category","embeddable":true,"href":"https:\/\/www.ocorreionews.com.br\/acervo-correio\/index.php?rest_route=%2Fwp%2Fv2%2Fcategories&post=254250"},{"taxonomy":"post_tag","embeddable":true,"href":"https:\/\/www.ocorreionews.com.br\/acervo-correio\/index.php?rest_route=%2Fwp%2Fv2%2Ftags&post=254250"}],"curies":[{"name":"wp","href":"https:\/\/api.w.org\/{rel}","templated":true}]}}