{"id":254254,"date":"2023-10-16T16:25:15","date_gmt":"2023-10-16T20:25:15","guid":{"rendered":"https:\/\/www.ocorreionews.com.br\/acervo-correio\/?p=254254"},"modified":"2023-10-16T17:23:45","modified_gmt":"2023-10-16T21:23:45","slug":"chapadao-do-sul-36-anos-prefeito-inaugurou-o-projeto-ceames","status":"publish","type":"post","link":"https:\/\/www.ocorreionews.com.br\/acervo-correio\/?p=254254","title":{"rendered":"Chapad\u00e3o do Sul 36 Anos:  Prefeito inaugurou o Projeto CEAMES"},"content":{"rendered":"<p><span data-contrast=\"auto\">Iniciando as comemora\u00e7\u00f5es dos 36 anos de Chapad\u00e3o do Sul, o prefeito Jo\u00e3o Carlos Krug, realizou na manh\u00e3 desta segunda-feira 16, a inaugura\u00e7\u00e3o do CEAMES &#8211; (Centro Educacional de Apoio Multidisciplinar Especializado Espa\u00e7o Superar).<\/span><span data-ccp-props=\"{&quot;201341983&quot;:0,&quot;335559739&quot;:160,&quot;335559740&quot;:259}\">\u00a0<\/span><\/p>\n<p><span data-contrast=\"auto\">Chapad\u00e3o do Sul tornou-se o primeiro munic\u00edpio do interior do estado a implantar o Projeto CEAMES, que foi implantado pelos Secret\u00e1rio Municipal de Educa\u00e7\u00e3o Guerino Perius, com o apoio do prefeito.<\/span><span data-ccp-props=\"{&quot;201341983&quot;:0,&quot;335559739&quot;:160,&quot;335559740&quot;:259}\">\u00a0<\/span><\/p>\n<figure id=\"attachment_254266\" aria-describedby=\"caption-attachment-254266\" style=\"width: 615px\" class=\"wp-caption aligncenter\"><img loading=\"lazy\" decoding=\"async\" class=\"wp-image-254266\" src=\"https:\/\/www.ocorreionews.com.br\/acervo-correio\/wp-content\/uploads\/2023\/10\/IMG_0028-1024x683.jpg\" alt=\"\" width=\"615\" height=\"410\" srcset=\"https:\/\/www.ocorreionews.com.br\/acervo-correio\/wp-content\/uploads\/2023\/10\/IMG_0028-1024x683.jpg 1024w, https:\/\/www.ocorreionews.com.br\/acervo-correio\/wp-content\/uploads\/2023\/10\/IMG_0028-300x200.jpg 300w, https:\/\/www.ocorreionews.com.br\/acervo-correio\/wp-content\/uploads\/2023\/10\/IMG_0028-768x512.jpg 768w, https:\/\/www.ocorreionews.com.br\/acervo-correio\/wp-content\/uploads\/2023\/10\/IMG_0028-1536x1024.jpg 1536w, https:\/\/www.ocorreionews.com.br\/acervo-correio\/wp-content\/uploads\/2023\/10\/IMG_0028-2048x1365.jpg 2048w\" sizes=\"auto, (max-width: 615px) 100vw, 615px\" \/><figcaption id=\"caption-attachment-254266\" class=\"wp-caption-text\">Prefeito Jo\u00e3o Carlos Krug<\/figcaption><\/figure>\n<p><span data-contrast=\"auto\">O CEAMES \u00e9 um processo de inclus\u00e3o social para a educa\u00e7\u00e3o inclusiva no munic\u00edpio. A Lei n\u00ba 13.146\/2015(Lei Brasileira de Inclus\u00e3o).<\/span><span data-ccp-props=\"{&quot;201341983&quot;:0,&quot;335559739&quot;:160,&quot;335559740&quot;:259}\">\u00a0<\/span><\/p>\n<p><span data-contrast=\"auto\">CEAMES est\u00e1 aberto para atender tanto os alunos da rede municipal de ensino quanto suas fam\u00edlias.<\/span><span data-ccp-props=\"{&quot;201341983&quot;:0,&quot;335559739&quot;:160,&quot;335559740&quot;:259}\">\u00a0<\/span><\/p>\n<p><span class=\"TextRun SCXW248059276 BCX0\" lang=\"PT-BR\" xml:lang=\"PT-BR\" data-contrast=\"auto\"><span class=\"NormalTextRun SCXW248059276 BCX0\">O objetivo principal do CEAMES \u00e9 o apoio integral ao desenvolvimento de cada crian\u00e7a. Conta com uma equipe multiprofissional que faz a avalia\u00e7\u00e3o, diagn\u00f3stico, habilita\u00e7\u00e3o e interven\u00e7\u00e3o para que os alunos que apresentem atrasos em seu desenvolvimento, defici\u00eancias, s\u00edndromes ou transtornos do neurodesenvolvimento ou de aprendizagem, possam desenvolver-se de forma integral e assim alcance autonomia para viver em sociedade. Al\u00e9m disso, caber\u00e1 a este centro realizar atividades <\/span><span class=\"NormalTextRun SpellingErrorV2Themed SCXW248059276 BCX0\">psicoeducativas<\/span><span class=\"NormalTextRun SCXW248059276 BCX0\"> com as fam\u00edlias desses alunos\/aprendentes com palestras, minicursos e orienta\u00e7\u00f5es referentes a natureza e cuidados para com as nossas crian\u00e7as.<\/span><\/span><span class=\"EOP SCXW248059276 BCX0\" data-ccp-props=\"{&quot;201341983&quot;:0,&quot;335559739&quot;:160,&quot;335559740&quot;:259}\">\u00a0<\/span><\/p>\n<figure id=\"attachment_254265\" aria-describedby=\"caption-attachment-254265\" style=\"width: 605px\" class=\"wp-caption aligncenter\"><img loading=\"lazy\" decoding=\"async\" class=\"wp-image-254265\" src=\"https:\/\/www.ocorreionews.com.br\/acervo-correio\/wp-content\/uploads\/2023\/10\/IMG_0026-1024x683.jpg\" alt=\"\" width=\"605\" height=\"403\" srcset=\"https:\/\/www.ocorreionews.com.br\/acervo-correio\/wp-content\/uploads\/2023\/10\/IMG_0026-1024x683.jpg 1024w, https:\/\/www.ocorreionews.com.br\/acervo-correio\/wp-content\/uploads\/2023\/10\/IMG_0026-300x200.jpg 300w, https:\/\/www.ocorreionews.com.br\/acervo-correio\/wp-content\/uploads\/2023\/10\/IMG_0026-768x512.jpg 768w, https:\/\/www.ocorreionews.com.br\/acervo-correio\/wp-content\/uploads\/2023\/10\/IMG_0026-1536x1024.jpg 1536w, https:\/\/www.ocorreionews.com.br\/acervo-correio\/wp-content\/uploads\/2023\/10\/IMG_0026-2048x1365.jpg 2048w\" sizes=\"auto, (max-width: 605px) 100vw, 605px\" \/><figcaption id=\"caption-attachment-254265\" class=\"wp-caption-text\">Secret\u00e1rio de Educa\u00e7\u00e3o Guerino Perius<\/figcaption><\/figure>\n<p><span data-contrast=\"auto\">O projeto CEAMES garante o acesso \u00e0 educa\u00e7\u00e3o e o direito \u00e0 aprendizagem, que s\u00e3o garantias definidas como constitucionais e universais.<\/span><span data-ccp-props=\"{&quot;201341983&quot;:0,&quot;335559739&quot;:160,&quot;335559740&quot;:259}\">\u00a0<\/span><\/p>\n<p><span data-contrast=\"auto\">A diversidade de experi\u00eancias, habilidades, contextos e capacidades entre estudantes \u00e9 uma realidade que deve ser celebrada atrav\u00e9s de pr\u00e1ticas educacionais inclusivas.<\/span><span data-ccp-props=\"{&quot;201341983&quot;:0,&quot;335559739&quot;:160,&quot;335559740&quot;:259}\">\u00a0<\/span><\/p>\n<p><span data-contrast=\"auto\">Quanto mais respeitados em suas diferen\u00e7as, mais os estudantes e educadores avan\u00e7am, sejam eles pessoas com ou sem defici\u00eancia.<\/span><span data-ccp-props=\"{&quot;201341983&quot;:0,&quot;335559739&quot;:160,&quot;335559740&quot;:259}\">\u00a0<\/span><\/p>\n<p><span data-contrast=\"auto\">A educa\u00e7\u00e3o especial inclusiva objetiva atender todos os alunos nas escolas e que eles recebam uma educa\u00e7\u00e3o de qualidade, isto \u00e9, que tenham acesso ao conhecimento escolar.<\/span><span data-ccp-props=\"{&quot;201341983&quot;:0,&quot;335559739&quot;:160,&quot;335559740&quot;:259}\">\u00a0<\/span><\/p>\n<p><span data-contrast=\"auto\">A inaugura\u00e7\u00e3o contou com a presen\u00e7as dos vereadores, secret\u00e1rios municipais e a participa\u00e7\u00e3o do Coral infantil do CEAMES, e dos alunos de m\u00fasica e arte.<\/span><span data-ccp-props=\"{&quot;201341983&quot;:0,&quot;335559739&quot;:160,&quot;335559740&quot;:259}\">\u00a0<\/span><\/p>\n<div style=\"width: 848px;\" class=\"wp-video\"><!--[if lt IE 9]><script>document.createElement('video');<\/script><![endif]-->\n<video class=\"wp-video-shortcode\" id=\"video-254254-1\" width=\"848\" height=\"480\" preload=\"metadata\" controls=\"controls\"><source type=\"video\/mp4\" src=\"https:\/\/www.ocorreionews.com.br\/acervo-correio\/wp-content\/uploads\/2023\/10\/WhatsApp-Video-2023-10-16-at-17.10.32.mp4?_=1\" \/><a href=\"https:\/\/www.ocorreionews.com.br\/acervo-correio\/wp-content\/uploads\/2023\/10\/WhatsApp-Video-2023-10-16-at-17.10.32.mp4\">https:\/\/www.ocorreionews.com.br\/acervo-correio\/wp-content\/uploads\/2023\/10\/WhatsApp-Video-2023-10-16-at-17.10.32.mp4<\/a><\/video><\/div>\n<div id='gallery-1' class='gallery galleryid-254254 gallery-columns-3 gallery-size-thumbnail'><figure class='gallery-item'>\n\t\t\t<div class='gallery-icon landscape'>\n\t\t\t\t<a href='https:\/\/www.ocorreionews.com.br\/acervo-correio\/wp-content\/uploads\/2023\/10\/IMG_0041-scaled.jpg'><img loading=\"lazy\" decoding=\"async\" width=\"150\" height=\"150\" src=\"https:\/\/www.ocorreionews.com.br\/acervo-correio\/wp-content\/uploads\/2023\/10\/IMG_0041-150x150.jpg\" class=\"attachment-thumbnail size-thumbnail\" alt=\"\" \/><\/a>\n\t\t\t<\/div><\/figure><figure class='gallery-item'>\n\t\t\t<div class='gallery-icon landscape'>\n\t\t\t\t<a href='https:\/\/www.ocorreionews.com.br\/acervo-correio\/wp-content\/uploads\/2023\/10\/IMG_0032-scaled.jpg'><img loading=\"lazy\" decoding=\"async\" width=\"150\" height=\"150\" src=\"https:\/\/www.ocorreionews.com.br\/acervo-correio\/wp-content\/uploads\/2023\/10\/IMG_0032-150x150.jpg\" class=\"attachment-thumbnail size-thumbnail\" alt=\"\" \/><\/a>\n\t\t\t<\/div><\/figure><figure class='gallery-item'>\n\t\t\t<div class='gallery-icon landscape'>\n\t\t\t\t<a href='https:\/\/www.ocorreionews.com.br\/acervo-correio\/wp-content\/uploads\/2023\/10\/IMG_0030-scaled.jpg'><img loading=\"lazy\" decoding=\"async\" width=\"150\" height=\"150\" src=\"https:\/\/www.ocorreionews.com.br\/acervo-correio\/wp-content\/uploads\/2023\/10\/IMG_0030-150x150.jpg\" class=\"attachment-thumbnail size-thumbnail\" alt=\"\" \/><\/a>\n\t\t\t<\/div><\/figure><figure class='gallery-item'>\n\t\t\t<div class='gallery-icon landscape'>\n\t\t\t\t<a href='https:\/\/www.ocorreionews.com.br\/acervo-correio\/wp-content\/uploads\/2023\/10\/IMG_0023-scaled.jpg'><img loading=\"lazy\" decoding=\"async\" width=\"150\" height=\"150\" src=\"https:\/\/www.ocorreionews.com.br\/acervo-correio\/wp-content\/uploads\/2023\/10\/IMG_0023-150x150.jpg\" class=\"attachment-thumbnail size-thumbnail\" alt=\"\" \/><\/a>\n\t\t\t<\/div><\/figure><figure class='gallery-item'>\n\t\t\t<div class='gallery-icon landscape'>\n\t\t\t\t<a href='https:\/\/www.ocorreionews.com.br\/acervo-correio\/wp-content\/uploads\/2023\/10\/IMG_0021-scaled.jpg'><img loading=\"lazy\" decoding=\"async\" width=\"150\" height=\"150\" src=\"https:\/\/www.ocorreionews.com.br\/acervo-correio\/wp-content\/uploads\/2023\/10\/IMG_0021-150x150.jpg\" class=\"attachment-thumbnail size-thumbnail\" alt=\"\" \/><\/a>\n\t\t\t<\/div><\/figure><figure class='gallery-item'>\n\t\t\t<div class='gallery-icon landscape'>\n\t\t\t\t<a href='https:\/\/www.ocorreionews.com.br\/acervo-correio\/wp-content\/uploads\/2023\/10\/IMG_0011-scaled.jpg'><img loading=\"lazy\" decoding=\"async\" width=\"150\" height=\"150\" src=\"https:\/\/www.ocorreionews.com.br\/acervo-correio\/wp-content\/uploads\/2023\/10\/IMG_0011-150x150.jpg\" class=\"attachment-thumbnail size-thumbnail\" alt=\"\" \/><\/a>\n\t\t\t<\/div><\/figure><figure class='gallery-item'>\n\t\t\t<div class='gallery-icon landscape'>\n\t\t\t\t<a href='https:\/\/www.ocorreionews.com.br\/acervo-correio\/wp-content\/uploads\/2023\/10\/IMG_0013-scaled.jpg'><img loading=\"lazy\" decoding=\"async\" width=\"150\" height=\"150\" src=\"https:\/\/www.ocorreionews.com.br\/acervo-correio\/wp-content\/uploads\/2023\/10\/IMG_0013-150x150.jpg\" class=\"attachment-thumbnail size-thumbnail\" alt=\"\" \/><\/a>\n\t\t\t<\/div><\/figure><figure class='gallery-item'>\n\t\t\t<div class='gallery-icon landscape'>\n\t\t\t\t<a href='https:\/\/www.ocorreionews.com.br\/acervo-correio\/wp-content\/uploads\/2023\/10\/IMG_0015-scaled.jpg'><img loading=\"lazy\" decoding=\"async\" width=\"150\" height=\"150\" src=\"https:\/\/www.ocorreionews.com.br\/acervo-correio\/wp-content\/uploads\/2023\/10\/IMG_0015-150x150.jpg\" class=\"attachment-thumbnail size-thumbnail\" alt=\"\" \/><\/a>\n\t\t\t<\/div><\/figure><figure class='gallery-item'>\n\t\t\t<div class='gallery-icon landscape'>\n\t\t\t\t<a href='https:\/\/www.ocorreionews.com.br\/acervo-correio\/wp-content\/uploads\/2023\/10\/IMG_0018-scaled.jpg'><img loading=\"lazy\" decoding=\"async\" width=\"150\" height=\"150\" src=\"https:\/\/www.ocorreionews.com.br\/acervo-correio\/wp-content\/uploads\/2023\/10\/IMG_0018-150x150.jpg\" class=\"attachment-thumbnail size-thumbnail\" alt=\"\" \/><\/a>\n\t\t\t<\/div><\/figure><figure class='gallery-item'>\n\t\t\t<div class='gallery-icon landscape'>\n\t\t\t\t<a href='https:\/\/www.ocorreionews.com.br\/acervo-correio\/wp-content\/uploads\/2023\/10\/IMG_0019-scaled.jpg'><img loading=\"lazy\" decoding=\"async\" width=\"150\" height=\"150\" src=\"https:\/\/www.ocorreionews.com.br\/acervo-correio\/wp-content\/uploads\/2023\/10\/IMG_0019-150x150.jpg\" class=\"attachment-thumbnail size-thumbnail\" alt=\"\" \/><\/a>\n\t\t\t<\/div><\/figure><figure class='gallery-item'>\n\t\t\t<div class='gallery-icon landscape'>\n\t\t\t\t<a href='https:\/\/www.ocorreionews.com.br\/acervo-correio\/wp-content\/uploads\/2023\/10\/IMG_0004-scaled.jpg'><img loading=\"lazy\" decoding=\"async\" width=\"150\" height=\"150\" src=\"https:\/\/www.ocorreionews.com.br\/acervo-correio\/wp-content\/uploads\/2023\/10\/IMG_0004-150x150.jpg\" class=\"attachment-thumbnail size-thumbnail\" alt=\"\" \/><\/a>\n\t\t\t<\/div><\/figure>\n\t\t<\/div>\n\n<p>&nbsp;<\/p>\n<p>&nbsp;<\/p>\n","protected":false},"excerpt":{"rendered":"<p>Iniciando as comemora\u00e7\u00f5es dos 36 anos de Chapad\u00e3o do Sul, o prefeito Jo\u00e3o Carlos Krug, realizou na manh\u00e3 desta segunda-feira 16, a inaugura\u00e7\u00e3o do CEAMES &#8211; (Centro Educacional de Apoio Multidisciplinar Especializado Espa\u00e7o Superar).\u00a0 Chapad\u00e3o do Sul tornou-se o primeiro munic\u00edpio do interior do estado a implantar o Projeto CEAMES, que foi implantado pelos Secret\u00e1rio [&hellip;]<\/p>\n","protected":false},"author":4,"featured_media":254270,"comment_status":"closed","ping_status":"closed","sticky":false,"template":"","format":"standard","meta":{"footnotes":""},"categories":[23,41],"tags":[],"class_list":["post-254254","post","type-post","status-publish","format-standard","has-post-thumbnail","hentry","category-chapadao-do-sul","category-destaque"],"_links":{"self":[{"href":"https:\/\/www.ocorreionews.com.br\/acervo-correio\/index.php?rest_route=\/wp\/v2\/posts\/254254","targetHints":{"allow":["GET"]}}],"collection":[{"href":"https:\/\/www.ocorreionews.com.br\/acervo-correio\/index.php?rest_route=\/wp\/v2\/posts"}],"about":[{"href":"https:\/\/www.ocorreionews.com.br\/acervo-correio\/index.php?rest_route=\/wp\/v2\/types\/post"}],"author":[{"embeddable":true,"href":"https:\/\/www.ocorreionews.com.br\/acervo-correio\/index.php?rest_route=\/wp\/v2\/users\/4"}],"replies":[{"embeddable":true,"href":"https:\/\/www.ocorreionews.com.br\/acervo-correio\/index.php?rest_route=%2Fwp%2Fv2%2Fcomments&post=254254"}],"version-history":[{"count":5,"href":"https:\/\/www.ocorreionews.com.br\/acervo-correio\/index.php?rest_route=\/wp\/v2\/posts\/254254\/revisions"}],"predecessor-version":[{"id":254281,"href":"https:\/\/www.ocorreionews.com.br\/acervo-correio\/index.php?rest_route=\/wp\/v2\/posts\/254254\/revisions\/254281"}],"wp:featuredmedia":[{"embeddable":true,"href":"https:\/\/www.ocorreionews.com.br\/acervo-correio\/index.php?rest_route=\/wp\/v2\/media\/254270"}],"wp:attachment":[{"href":"https:\/\/www.ocorreionews.com.br\/acervo-correio\/index.php?rest_route=%2Fwp%2Fv2%2Fmedia&parent=254254"}],"wp:term":[{"taxonomy":"category","embeddable":true,"href":"https:\/\/www.ocorreionews.com.br\/acervo-correio\/index.php?rest_route=%2Fwp%2Fv2%2Fcategories&post=254254"},{"taxonomy":"post_tag","embeddable":true,"href":"https:\/\/www.ocorreionews.com.br\/acervo-correio\/index.php?rest_route=%2Fwp%2Fv2%2Ftags&post=254254"}],"curies":[{"name":"wp","href":"https:\/\/api.w.org\/{rel}","templated":true}]}}