{"id":254274,"date":"2023-10-16T16:46:17","date_gmt":"2023-10-16T20:46:17","guid":{"rendered":"https:\/\/www.ocorreionews.com.br\/acervo-correio\/?p=254274"},"modified":"2023-10-16T16:46:17","modified_gmt":"2023-10-16T20:46:17","slug":"nova-onda-de-calor-deve-comecar-por-ms-nesta-terca-17","status":"publish","type":"post","link":"https:\/\/www.ocorreionews.com.br\/acervo-correio\/?p=254274","title":{"rendered":"Nova onda de calor deve come\u00e7ar por MS nesta ter\u00e7a (17)"},"content":{"rendered":"<div id=\"chunk-im9b\">\n<div class=\"mc-column content-text active-extra-styles \" data-block-type=\"unstyled\" data-block-weight=\"54\" data-block-id=\"3\">\n<p class=\" content-text__container \" data-track-category=\"Link no Texto\" data-track-links=\"\"><span class=\"highlight highlighted\">N\u00e3o deu nem tempo de sair de uma onda de calor e o Brasil j\u00e1 deve entrar em um outro per\u00edodo com altas temperaturas. <\/span>O calor\u00e3o acima da m\u00e9dia previsto pelos meteorologistas deve come\u00e7ar por Mato Grosso do Sul e se expandir para pelo menos outros seis estados a partir desta ter\u00e7a-feira (17).<\/p>\n<p data-track-category=\"Link no Texto\" data-track-links=\"\">\n<\/div>\n<\/div>\n<div class=\"wall protected-content\">\n<div id=\"chunk-f7sat\">\n<div class=\"mc-column content-text active-extra-styles \" data-block-type=\"unstyled\" data-block-weight=\"41\" data-block-id=\"4\">\n<p class=\" content-text__container \" data-track-category=\"Link no Texto\" data-track-links=\"\"><span class=\"highlight highlighted\">A partir desta ter\u00e7a os term\u00f4metros podem voltar a ficar acima dos 40\u00baC, segundo previs\u00e3o do Climatempo Meteorologia.<\/span> A volta do calor\u00e3o \u00e9 por causa de uma massa de ar seco que come\u00e7a a se expandir pelo &#8220;interior&#8221; do Brasil.<\/p>\n<p data-track-category=\"Link no Texto\" data-track-links=\"\">\n<\/div>\n<\/div>\n<div id=\"chunk-2pfmq\">\n<div class=\"mc-column content-text active-extra-styles \" data-block-type=\"unstyled\" data-block-weight=\"60\" data-block-id=\"5\">\n<p class=\" content-text__container \" data-track-category=\"Link no Texto\" data-track-links=\"\"><strong>A massa de ar seco deve ser persistente:<\/strong> A<span class=\"highlight highlighted\"> previs\u00e3o \u00e9 de que a onda de calor dure uma semana, que vai desta ter\u00e7a at\u00e9 o pr\u00f3ximo dia 24.<\/span> Em Mato Grosso do Sul, a regi\u00e3o mais afetada ser\u00e1 a do Pantanal. O calor deve se concentrar em boa parte do estado, com \u00eanfase para Corumb\u00e1 e Porto Murtinho.<\/p>\n<p data-track-category=\"Link no Texto\" data-track-links=\"\">\n<\/div>\n<\/div>\n<div id=\"chunk-20dpf\">\n<div class=\"mc-column content-text active-extra-styles \" data-block-type=\"unstyled\" data-block-weight=\"48\" data-block-id=\"7\">\n<p class=\" content-text__container \" data-track-category=\"Link no Texto\" data-track-links=\"\">J\u00e1 nos outros estados, as cidades ao sul de Mato Grosso devem ser afetadas. Munic\u00edpios ao oeste de S\u00e3o Paulo e do Tri\u00e2ngulo Mineiro tamb\u00e9m est\u00e3o na rota do calor\u00e3o. O Climatempo explica que as capitais paulista e carioca n\u00e3o est\u00e3o no &#8220;contexto de onda de calor&#8221;.<\/p>\n<p data-track-category=\"Link no Texto\" data-track-links=\"\">\n<\/div>\n<\/div>\n<div id=\"chunk-82iki\">\n<div class=\"mc-column content-text active-extra-styles \" data-block-type=\"unstyled\" data-block-weight=\"23\" data-block-id=\"8\">\n<p class=\" content-text__container \" data-track-category=\"Link no Texto\" data-track-links=\"\"><strong>Calor no &#8220;interior&#8221; do Brasil: <\/strong><span class=\"highlight highlighted\">O calor\u00e3o deve ser persistente nas regi\u00f5es chamadas de &#8220;interior do Brasil&#8221;, de acordo com os meteorologistas.<\/span><\/p>\n<p data-track-category=\"Link no Texto\" data-track-links=\"\">\n<\/div>\n<\/div>\n<div id=\"chunk-9o6mc\">\n<div class=\"mc-column content-text active-extra-styles \" data-block-type=\"unstyled\" data-block-weight=\"51\" data-block-id=\"9\">\n<p class=\" content-text__container \" data-track-category=\"Link no Texto\" data-track-links=\"\">Ao longo da semana, o calor deve se espalhar mais por todo o Mato Grosso do Sul, oeste e norte de S\u00e3o Paulo, regi\u00e3o central de Minas, centro-sul de Mato Grosso e Goi\u00e1s, assim como no Tocantins, interior do Nordeste, sul do Esp\u00edrito Santo e norte do Rio De Janeiro.<\/p>\n<p data-track-category=\"Link no Texto\" data-track-links=\"\">\n<\/div>\n<\/div>\n<div id=\"chunk-2rr4k\">\n<div class=\"mc-column content-text active-extra-styles \" data-block-type=\"unstyled\" data-block-weight=\"56\" data-block-id=\"10\">\n<p class=\" content-text__container \" data-track-category=\"Link no Texto\" data-track-links=\"\"><strong>Onda de calor e temperatura acima da m\u00e9dia: <\/strong>Conforme explica o Climatempo, os estados com previs\u00e3o de onda de calor, em vermelho no mapa mais acima, devem ter as temperaturas de 5 a 7\u00baC mais quente que o normal, de forma persistente ao longo da semana, que \u00e9 o caso de Mato Grosso do Sul.<\/p>\n<p data-track-category=\"Link no Texto\" data-track-links=\"\">\n<\/div>\n<\/div>\n<div id=\"chunk-61bhg\">\n<div class=\"mc-column content-text active-extra-styles \" data-block-type=\"unstyled\" data-block-weight=\"20\" data-block-id=\"11\">\n<p class=\" content-text__container \" data-track-category=\"Link no Texto\" data-track-links=\"\">J\u00e1 os estados que aparecem na cor laranja no mapa podem ter as temperaturas elevadas entre 3 e 5\u00baC.<\/p>\n<figure style=\"width: 647px\" class=\"wp-caption aligncenter\"><img loading=\"lazy\" decoding=\"async\" class=\"i-amphtml-fill-content i-amphtml-replaced-content\" src=\"https:\/\/s2-g1.glbimg.com\/0V63cWYDUvn_Ejh6t14b0xq9J9s=\/0x0:706x635\/984x0\/smart\/filters:strip_icc()\/i.s3.glbimg.com\/v1\/AUTH_59edd422c0c84a879bd37670ae4f538a\/internal_photos\/bs\/2023\/S\/J\/jSSNaURGKkZTkBPqsviA\/whatsapp-image-2023-10-16-at-15.12.15.jpeg\" sizes=\"auto, (max-width: 1366px) 648px, 100vw\" srcset=\"https:\/\/s2-g1.glbimg.com\/dUKJ1Zi4VSb8ZQjsjsgSKS3rJp0=\/0x0:706x635\/1000x0\/smart\/filters:strip_icc()\/i.s3.glbimg.com\/v1\/AUTH_59edd422c0c84a879bd37670ae4f538a\/internal_photos\/bs\/2023\/S\/J\/jSSNaURGKkZTkBPqsviA\/whatsapp-image-2023-10-16-at-15.12.15.jpeg 1000w, https:\/\/s2-g1.glbimg.com\/0V63cWYDUvn_Ejh6t14b0xq9J9s=\/0x0:706x635\/984x0\/smart\/filters:strip_icc()\/i.s3.glbimg.com\/v1\/AUTH_59edd422c0c84a879bd37670ae4f538a\/internal_photos\/bs\/2023\/S\/J\/jSSNaURGKkZTkBPqsviA\/whatsapp-image-2023-10-16-at-15.12.15.jpeg 984w, https:\/\/s2-g1.glbimg.com\/k5hj2dThROR0g32phir_vMbX3Cs=\/0x0:706x635\/640x0\/smart\/filters:strip_icc()\/i.s3.glbimg.com\/v1\/AUTH_59edd422c0c84a879bd37670ae4f538a\/internal_photos\/bs\/2023\/S\/J\/jSSNaURGKkZTkBPqsviA\/whatsapp-image-2023-10-16-at-15.12.15.jpeg 640w, https:\/\/s2-g1.glbimg.com\/QMTvC5I9uwIvRKyFyrKUyo5tFK4=\/0x0:706x635\/600x0\/smart\/filters:strip_icc()\/i.s3.glbimg.com\/v1\/AUTH_59edd422c0c84a879bd37670ae4f538a\/internal_photos\/bs\/2023\/S\/J\/jSSNaURGKkZTkBPqsviA\/whatsapp-image-2023-10-16-at-15.12.15.jpeg 600w\" alt=\"Mapa mostra locais que v\u00e3o ter maior concentra\u00e7\u00e3o de calor pela pr\u00f3xima semana. \u2014 Foto: ClimaTempo\/Reprodu\u00e7\u00e3o\" width=\"647\" height=\"582\" \/><figcaption class=\"wp-caption-text\">Mapa mostra locais que v\u00e3o ter maior concentra\u00e7\u00e3o de calor pela pr\u00f3xima semana. \u2014 Foto: ClimaTempo\/Reprodu\u00e7\u00e3o<\/figcaption><\/figure>\n<div id=\"chunk-2o9qh\">\n<div class=\"mc-column content-text active-extra-styles\" data-block-type=\"raw\" data-block-weight=\"2\" data-block-id=\"14\">\n<div class=\"content-intertitle\">\n<h2>Cuidados b\u00e1sicos<\/h2>\n<\/div>\n<p>&nbsp;<\/p>\n<\/div>\n<\/div>\n<div id=\"chunk-b7f2c\">\n<div class=\"mc-column content-text active-extra-styles \" data-block-type=\"unstyled\" data-block-weight=\"25\" data-block-id=\"15\">\n<p class=\" content-text__container \" data-track-category=\"Link no Texto\" data-track-links=\"\">O calor excessivo diminui a umidade relativa do ar, o que pode levar a problemas respirat\u00f3rios, ressecamento da pele, desconforto nos olhos, boca e nariz.<\/p>\n<p data-track-category=\"Link no Texto\" data-track-links=\"\">\n<\/div>\n<\/div>\n<div id=\"chunk-c3n23\">\n<div class=\"mc-column content-text active-extra-styles \" data-block-type=\"unstyled\" data-block-weight=\"31\" data-block-id=\"16\">\n<p class=\" content-text__container \" data-track-category=\"Link no Texto\" data-track-links=\"\">O Inmet orienta que as pessoas bebam bastante l\u00edquido, n\u00e3o fa\u00e7am atividades f\u00edsicas, evitem exposi\u00e7\u00e3o ao sol em hor\u00e1rios mais quentes do dia, usem hidratante para pele e umidifiquem o ambiente.<\/p>\n<p class=\"content-publication-data__from\" title=\"Jos\u00e9 C\u00e2mara, g1 MS\">Por Jos\u00e9 C\u00e2mara, g1 MS<\/p>\n<\/div>\n<\/div>\n<\/div>\n<\/div>\n<\/div>\n","protected":false},"excerpt":{"rendered":"<p>N\u00e3o deu nem tempo de sair de uma onda de calor e o Brasil j\u00e1 deve entrar em um outro per\u00edodo com altas temperaturas. O calor\u00e3o acima da m\u00e9dia previsto pelos meteorologistas deve come\u00e7ar por Mato Grosso do Sul e se expandir para pelo menos outros seis estados a partir desta ter\u00e7a-feira (17). A partir [&hellip;]<\/p>\n","protected":false},"author":5,"featured_media":254275,"comment_status":"closed","ping_status":"closed","sticky":false,"template":"","format":"standard","meta":{"footnotes":""},"categories":[144],"tags":[],"class_list":["post-254274","post","type-post","status-publish","format-standard","has-post-thumbnail","hentry","category-meio-ambiente"],"_links":{"self":[{"href":"https:\/\/www.ocorreionews.com.br\/acervo-correio\/index.php?rest_route=\/wp\/v2\/posts\/254274","targetHints":{"allow":["GET"]}}],"collection":[{"href":"https:\/\/www.ocorreionews.com.br\/acervo-correio\/index.php?rest_route=\/wp\/v2\/posts"}],"about":[{"href":"https:\/\/www.ocorreionews.com.br\/acervo-correio\/index.php?rest_route=\/wp\/v2\/types\/post"}],"author":[{"embeddable":true,"href":"https:\/\/www.ocorreionews.com.br\/acervo-correio\/index.php?rest_route=\/wp\/v2\/users\/5"}],"replies":[{"embeddable":true,"href":"https:\/\/www.ocorreionews.com.br\/acervo-correio\/index.php?rest_route=%2Fwp%2Fv2%2Fcomments&post=254274"}],"version-history":[{"count":1,"href":"https:\/\/www.ocorreionews.com.br\/acervo-correio\/index.php?rest_route=\/wp\/v2\/posts\/254274\/revisions"}],"predecessor-version":[{"id":254276,"href":"https:\/\/www.ocorreionews.com.br\/acervo-correio\/index.php?rest_route=\/wp\/v2\/posts\/254274\/revisions\/254276"}],"wp:featuredmedia":[{"embeddable":true,"href":"https:\/\/www.ocorreionews.com.br\/acervo-correio\/index.php?rest_route=\/wp\/v2\/media\/254275"}],"wp:attachment":[{"href":"https:\/\/www.ocorreionews.com.br\/acervo-correio\/index.php?rest_route=%2Fwp%2Fv2%2Fmedia&parent=254274"}],"wp:term":[{"taxonomy":"category","embeddable":true,"href":"https:\/\/www.ocorreionews.com.br\/acervo-correio\/index.php?rest_route=%2Fwp%2Fv2%2Fcategories&post=254274"},{"taxonomy":"post_tag","embeddable":true,"href":"https:\/\/www.ocorreionews.com.br\/acervo-correio\/index.php?rest_route=%2Fwp%2Fv2%2Ftags&post=254274"}],"curies":[{"name":"wp","href":"https:\/\/api.w.org\/{rel}","templated":true}]}}