{"id":254346,"date":"2023-10-17T09:32:30","date_gmt":"2023-10-17T13:32:30","guid":{"rendered":"https:\/\/www.ocorreionews.com.br\/acervo-correio\/?p=254346"},"modified":"2023-10-17T10:39:11","modified_gmt":"2023-10-17T14:39:11","slug":"homem-com-mandado-de-prisao-por-violencia-domestica-e-preso-em-costa-rica","status":"publish","type":"post","link":"https:\/\/www.ocorreionews.com.br\/acervo-correio\/?p=254346","title":{"rendered":"Homem com mandado de pris\u00e3o por viol\u00eancia dom\u00e9stica \u00e9 preso em Costa Rica"},"content":{"rendered":"<p>Na noite desta segunda-feira (16), um homem de 31 anos que tinha um mandado de pris\u00e3o em seu desfavor foi preso tomando em cerveja em Costa Rica.<\/p>\n<p>De acordo com informa\u00e7\u00f5es do Boletim de Ocorr\u00eancia, por volta das 18h30min, os militares de Costa Rica realizavam rondas ostensivas na Rua Juscelino Manoel da Cruz, Centro da cidade, quando visualizaram o autor, que estava sentado na cal\u00e7ada tomando cerveja, era da ci\u00eancia dos militares que vigorava em desfavor desse um mandado de pris\u00e3o pelo crime de les\u00e3o corporal (viol\u00eancia dom\u00e9stica).<\/p>\n<p>Diante dos fatos foi realizada uma abordagem, onde foi informado sobre o mandado de pris\u00e3o, sendo posteriormente dado voz de pris\u00e3o ao autor, que foi conduzido para a Delegacia de Pol\u00edcia para que as provid\u00eancias cab\u00edveis sejam tomadas.<\/p>\n","protected":false},"excerpt":{"rendered":"<p>Na noite desta segunda-feira (16), um homem de 31 anos que tinha um mandado de pris\u00e3o em seu desfavor foi preso tomando em cerveja em Costa Rica. De acordo com informa\u00e7\u00f5es do Boletim de Ocorr\u00eancia, por volta das 18h30min, os militares de Costa Rica realizavam rondas ostensivas na Rua Juscelino Manoel da Cruz, Centro da [&hellip;]<\/p>\n","protected":false},"author":5,"featured_media":230506,"comment_status":"closed","ping_status":"closed","sticky":false,"template":"","format":"standard","meta":{"footnotes":""},"categories":[25,38],"tags":[],"class_list":["post-254346","post","type-post","status-publish","format-standard","has-post-thumbnail","hentry","category-costa-rica","category-policia"],"_links":{"self":[{"href":"https:\/\/www.ocorreionews.com.br\/acervo-correio\/index.php?rest_route=\/wp\/v2\/posts\/254346","targetHints":{"allow":["GET"]}}],"collection":[{"href":"https:\/\/www.ocorreionews.com.br\/acervo-correio\/index.php?rest_route=\/wp\/v2\/posts"}],"about":[{"href":"https:\/\/www.ocorreionews.com.br\/acervo-correio\/index.php?rest_route=\/wp\/v2\/types\/post"}],"author":[{"embeddable":true,"href":"https:\/\/www.ocorreionews.com.br\/acervo-correio\/index.php?rest_route=\/wp\/v2\/users\/5"}],"replies":[{"embeddable":true,"href":"https:\/\/www.ocorreionews.com.br\/acervo-correio\/index.php?rest_route=%2Fwp%2Fv2%2Fcomments&post=254346"}],"version-history":[{"count":3,"href":"https:\/\/www.ocorreionews.com.br\/acervo-correio\/index.php?rest_route=\/wp\/v2\/posts\/254346\/revisions"}],"predecessor-version":[{"id":254358,"href":"https:\/\/www.ocorreionews.com.br\/acervo-correio\/index.php?rest_route=\/wp\/v2\/posts\/254346\/revisions\/254358"}],"wp:featuredmedia":[{"embeddable":true,"href":"https:\/\/www.ocorreionews.com.br\/acervo-correio\/index.php?rest_route=\/wp\/v2\/media\/230506"}],"wp:attachment":[{"href":"https:\/\/www.ocorreionews.com.br\/acervo-correio\/index.php?rest_route=%2Fwp%2Fv2%2Fmedia&parent=254346"}],"wp:term":[{"taxonomy":"category","embeddable":true,"href":"https:\/\/www.ocorreionews.com.br\/acervo-correio\/index.php?rest_route=%2Fwp%2Fv2%2Fcategories&post=254346"},{"taxonomy":"post_tag","embeddable":true,"href":"https:\/\/www.ocorreionews.com.br\/acervo-correio\/index.php?rest_route=%2Fwp%2Fv2%2Ftags&post=254346"}],"curies":[{"name":"wp","href":"https:\/\/api.w.org\/{rel}","templated":true}]}}