{"id":254351,"date":"2023-10-17T10:30:32","date_gmt":"2023-10-17T14:30:32","guid":{"rendered":"https:\/\/www.ocorreionews.com.br\/acervo-correio\/?p=254351"},"modified":"2023-10-17T10:30:32","modified_gmt":"2023-10-17T14:30:32","slug":"video-casal-e-flagrado-em-vuco-vuco-no-meio-da-rua-e-revolta-moradores-da-capital","status":"publish","type":"post","link":"https:\/\/www.ocorreionews.com.br\/acervo-correio\/?p=254351","title":{"rendered":"V\u00cdDEO: Casal \u00e9 flagrado em &#8216;vuco vuco&#8217; no meio da rua e revolta moradores da Capital"},"content":{"rendered":"<p>O dia clareando e a movimenta\u00e7\u00e3o de moradores n\u00e3o foram suficientes para inibir casal flagrado em ato sexual na manh\u00e3 desta ter\u00e7a-feira (17), no Jardim Im\u00e1, em Campo Grande. A cena foi flagrada e filmada por moradores, que se revoltaram e denunciaram o caso.<\/p>\n<p>Segundo testemunha, que preferiu n\u00e3o ser identificada, o caso aconteceu por volta das 5 horas de hoje e por pouco n\u00e3o foi presenciado por uma crian\u00e7a. \u201cEu sa\u00ed para levar minha filha na bab\u00e1 antes de ir para o servi\u00e7o e me deparei com essa cena bem na esquina. O casal estava com as quatro portas do carro abertas fazendo isso\u201d, afirma.<\/p>\n<p>Nas imagens \u00e9 poss\u00edvel notar que a mulher permanece dentro do autom\u00f3vel de cor branca, enquanto o homem vai para o lado de fora e se aproxima de uma das portas. Despreocupados com o clarear do dia e com\u00a0 as primeiras movimenta\u00e7\u00f5es de moradores, eles permanecem por minutos em ato sexual em plena via p\u00fablica.<\/p>\n<p>\u201c\u00c9 um v\u00eddeo que n\u00e3o tem condi\u00e7\u00f5es, \u00e9 muito estranho isso acontecer\u201d, comenta a moradora.<\/p>\n<p>Por lei, toda manifesta\u00e7\u00e3o sexual praticada em local p\u00fablico ou aberto ao p\u00fablico, capaz de ofender o pudor m\u00e9dio da sociedade, configura o crime de ato obsceno. A pena \u00e9 de deten\u00e7\u00e3o de tr\u00eas meses a um ano ou multa.<\/p>\n<p>&nbsp;<\/p>\n<div style=\"width: 640px;\" class=\"wp-video\"><!--[if lt IE 9]><script>document.createElement('video');<\/script><![endif]-->\n<video class=\"wp-video-shortcode\" id=\"video-254351-1\" width=\"640\" height=\"360\" preload=\"metadata\" controls=\"controls\"><source type=\"video\/mp4\" src=\"https:\/\/midiamaxproducao.s3.amazonaws.com\/wp-content\/uploads\/2023\/10\/17074001\/lv_0_20231017072548.mp4?_=1\" \/><a href=\"https:\/\/midiamaxproducao.s3.amazonaws.com\/wp-content\/uploads\/2023\/10\/17074001\/lv_0_20231017072548.mp4\">https:\/\/midiamaxproducao.s3.amazonaws.com\/wp-content\/uploads\/2023\/10\/17074001\/lv_0_20231017072548.mp4<\/a><\/video><\/div>\n<p>&nbsp;<\/p>\n<p>&nbsp;<\/p>\n<p>*Midiamax &#8211; Clayton Neves<\/p>\n<div class=\"elementor-element elementor-element-ec9eab2 elementor-widget__width-auto elementor-widget elementor-widget-text-editor\" data-id=\"ec9eab2\" data-element_type=\"widget\" data-widget_type=\"text-editor.default\">\n<div class=\"elementor-widget-container\"><\/div>\n<\/div>\n","protected":false},"excerpt":{"rendered":"<p>O dia clareando e a movimenta\u00e7\u00e3o de moradores n\u00e3o foram suficientes para inibir casal flagrado em ato sexual na manh\u00e3 desta ter\u00e7a-feira (17), no Jardim Im\u00e1, em Campo Grande. A cena foi flagrada e filmada por moradores, que se revoltaram e denunciaram o caso. Segundo testemunha, que preferiu n\u00e3o ser identificada, o caso aconteceu por [&hellip;]<\/p>\n","protected":false},"author":5,"featured_media":254354,"comment_status":"closed","ping_status":"closed","sticky":false,"template":"","format":"standard","meta":{"footnotes":""},"categories":[38],"tags":[],"class_list":["post-254351","post","type-post","status-publish","format-standard","has-post-thumbnail","hentry","category-policia"],"_links":{"self":[{"href":"https:\/\/www.ocorreionews.com.br\/acervo-correio\/index.php?rest_route=\/wp\/v2\/posts\/254351","targetHints":{"allow":["GET"]}}],"collection":[{"href":"https:\/\/www.ocorreionews.com.br\/acervo-correio\/index.php?rest_route=\/wp\/v2\/posts"}],"about":[{"href":"https:\/\/www.ocorreionews.com.br\/acervo-correio\/index.php?rest_route=\/wp\/v2\/types\/post"}],"author":[{"embeddable":true,"href":"https:\/\/www.ocorreionews.com.br\/acervo-correio\/index.php?rest_route=\/wp\/v2\/users\/5"}],"replies":[{"embeddable":true,"href":"https:\/\/www.ocorreionews.com.br\/acervo-correio\/index.php?rest_route=%2Fwp%2Fv2%2Fcomments&post=254351"}],"version-history":[{"count":1,"href":"https:\/\/www.ocorreionews.com.br\/acervo-correio\/index.php?rest_route=\/wp\/v2\/posts\/254351\/revisions"}],"predecessor-version":[{"id":254355,"href":"https:\/\/www.ocorreionews.com.br\/acervo-correio\/index.php?rest_route=\/wp\/v2\/posts\/254351\/revisions\/254355"}],"wp:featuredmedia":[{"embeddable":true,"href":"https:\/\/www.ocorreionews.com.br\/acervo-correio\/index.php?rest_route=\/wp\/v2\/media\/254354"}],"wp:attachment":[{"href":"https:\/\/www.ocorreionews.com.br\/acervo-correio\/index.php?rest_route=%2Fwp%2Fv2%2Fmedia&parent=254351"}],"wp:term":[{"taxonomy":"category","embeddable":true,"href":"https:\/\/www.ocorreionews.com.br\/acervo-correio\/index.php?rest_route=%2Fwp%2Fv2%2Fcategories&post=254351"},{"taxonomy":"post_tag","embeddable":true,"href":"https:\/\/www.ocorreionews.com.br\/acervo-correio\/index.php?rest_route=%2Fwp%2Fv2%2Ftags&post=254351"}],"curies":[{"name":"wp","href":"https:\/\/api.w.org\/{rel}","templated":true}]}}