{"id":254378,"date":"2023-10-17T12:24:50","date_gmt":"2023-10-17T16:24:50","guid":{"rendered":"https:\/\/www.ocorreionews.com.br\/acervo-correio\/?p=254378"},"modified":"2023-10-17T15:57:05","modified_gmt":"2023-10-17T19:57:05","slug":"prefeito-joao-carlos-inaugurou-oficialmente-obra-de-r-5-milhoes","status":"publish","type":"post","link":"https:\/\/www.ocorreionews.com.br\/acervo-correio\/?p=254378","title":{"rendered":"Prefeito Jo\u00e3o Carlos inaugurou oficialmente CEI Esplanada obra de quase R$ 6 milh\u00f5es"},"content":{"rendered":"<p><span class=\"TextRun SCXW147483278 BCX0\" lang=\"PT-BR\" xml:lang=\"PT-BR\" data-contrast=\"none\"><span class=\"NormalTextRun SCXW147483278 BCX0\">O Prefeito Municipal de Chapad\u00e3o do Sul Jo\u00e3o Carlos Krug (PSDB), juntamente com autoridades municipais entregaram oficialmente <\/span><span class=\"NormalTextRun SCXW147483278 BCX0\">na tarde desta segunda-feira (16),\u00a0 a obra\u00a0do CEI \u2013 Centro Educacional Infantil Esplanada. Uma obra que recebeu aplica\u00e7\u00e3o de recursos do munic\u00edpio de R$ 5.536.407,96 na constru\u00e7\u00e3o do pr\u00e9dio de 1.895,13m\u00b2 e mais R$ 453.973,04, em equipamentos e moveis.\u00a0<\/span><\/span><span class=\"EOP SCXW147483278 BCX0\" data-ccp-props=\"{&quot;134233117&quot;:false,&quot;134233118&quot;:false,&quot;201341983&quot;:0,&quot;335551550&quot;:6,&quot;335551620&quot;:6,&quot;335559738&quot;:0,&quot;335559739&quot;:255,&quot;335559740&quot;:259}\">\u00a0<\/span><\/p>\n<p><span data-contrast=\"auto\">O CEI Esplanada tem capacidade para atender 400 alunos e hoje recebe 222 alunos, com idade de 00 a 06 anos.<\/span><span data-ccp-props=\"{&quot;201341983&quot;:0,&quot;335559739&quot;:160,&quot;335559740&quot;:259}\">\u00a0<\/span><\/p>\n<p><span data-contrast=\"auto\">\u201cEste \u00e9 um momento de grande alegria para nossa cidade. O CEI Esplanada n\u00e3o \u00e9 apenas uma estrutura f\u00edsica, mas um s\u00edmbolo do nosso compromisso com a educa\u00e7\u00e3o e o desenvolvimento das crian\u00e7as de Chapad\u00e3o do Sul. Estamos investindo no futuro, proporcionando um espa\u00e7o onde as crian\u00e7as possam aprender, crescer e se desenvolver plenamente. A administra\u00e7\u00e3o municipal reitera seu compromisso cont\u00ednuo em fornecer recursos e oportunidades educacionais de alta qualidade para todas as crian\u00e7as, investindo no potencial e no futuro da comunidade\u201d afirmou o prefeito.<\/span><span data-ccp-props=\"{&quot;201341983&quot;:0,&quot;335559739&quot;:160,&quot;335559740&quot;:259}\">\u00a0<\/span><\/p>\n<p><span data-contrast=\"auto\">Participaram da solenidade os secret\u00e1rios municipais Agnes Miler (Governo), Ricardo Alves (SEINFRA), Raquel Tortelli (Administra\u00e7\u00e3o), Guerino Perius (Educa\u00e7\u00e3o e Cultura), Lucas Cabrera (Controlador interno) e J\u00fanior Teixeira (SEDEMA). Representando o Legislativo de Chapad\u00e3o do Sul, estiveram os vereadores Al\u00edrio Bacca (1\u00ba Vice-presidente), Aline Tontini (1\u00aa secret\u00e1ria), Andr\u00e9 dos Anjos (2\u00ba Vice-presidente) e Vanderson Cardoso (2\u00ba Secret\u00e1rio).<\/span><span data-ccp-props=\"{&quot;201341983&quot;:0,&quot;335559739&quot;:160,&quot;335559740&quot;:259}\">\u00a0<\/span><\/p>\n<p><span style=\"font-size: 13.5pt; font-family: 'Arial',sans-serif; color: black;\">Veja a Galeria de fotos<\/span><\/p>\n<p>https:\/\/www.ocorreionews.com.br\/acervo-correio\/inauguracao-do-cei-esplanada\/<\/p>\n<p>&nbsp;<\/p>\n","protected":false},"excerpt":{"rendered":"<p>O Prefeito Municipal de Chapad\u00e3o do Sul Jo\u00e3o Carlos Krug (PSDB), juntamente com autoridades municipais entregaram oficialmente na tarde desta segunda-feira (16),\u00a0 a obra\u00a0do CEI \u2013 Centro Educacional Infantil Esplanada. Uma obra que recebeu aplica\u00e7\u00e3o de recursos do munic\u00edpio de R$ 5.536.407,96 na constru\u00e7\u00e3o do pr\u00e9dio de 1.895,13m\u00b2 e mais R$ 453.973,04, em equipamentos e [&hellip;]<\/p>\n","protected":false},"author":4,"featured_media":254309,"comment_status":"closed","ping_status":"closed","sticky":false,"template":"","format":"standard","meta":{"footnotes":""},"categories":[23,41],"tags":[],"class_list":["post-254378","post","type-post","status-publish","format-standard","has-post-thumbnail","hentry","category-chapadao-do-sul","category-destaque"],"_links":{"self":[{"href":"https:\/\/www.ocorreionews.com.br\/acervo-correio\/index.php?rest_route=\/wp\/v2\/posts\/254378","targetHints":{"allow":["GET"]}}],"collection":[{"href":"https:\/\/www.ocorreionews.com.br\/acervo-correio\/index.php?rest_route=\/wp\/v2\/posts"}],"about":[{"href":"https:\/\/www.ocorreionews.com.br\/acervo-correio\/index.php?rest_route=\/wp\/v2\/types\/post"}],"author":[{"embeddable":true,"href":"https:\/\/www.ocorreionews.com.br\/acervo-correio\/index.php?rest_route=\/wp\/v2\/users\/4"}],"replies":[{"embeddable":true,"href":"https:\/\/www.ocorreionews.com.br\/acervo-correio\/index.php?rest_route=%2Fwp%2Fv2%2Fcomments&post=254378"}],"version-history":[{"count":3,"href":"https:\/\/www.ocorreionews.com.br\/acervo-correio\/index.php?rest_route=\/wp\/v2\/posts\/254378\/revisions"}],"predecessor-version":[{"id":254396,"href":"https:\/\/www.ocorreionews.com.br\/acervo-correio\/index.php?rest_route=\/wp\/v2\/posts\/254378\/revisions\/254396"}],"wp:featuredmedia":[{"embeddable":true,"href":"https:\/\/www.ocorreionews.com.br\/acervo-correio\/index.php?rest_route=\/wp\/v2\/media\/254309"}],"wp:attachment":[{"href":"https:\/\/www.ocorreionews.com.br\/acervo-correio\/index.php?rest_route=%2Fwp%2Fv2%2Fmedia&parent=254378"}],"wp:term":[{"taxonomy":"category","embeddable":true,"href":"https:\/\/www.ocorreionews.com.br\/acervo-correio\/index.php?rest_route=%2Fwp%2Fv2%2Fcategories&post=254378"},{"taxonomy":"post_tag","embeddable":true,"href":"https:\/\/www.ocorreionews.com.br\/acervo-correio\/index.php?rest_route=%2Fwp%2Fv2%2Ftags&post=254378"}],"curies":[{"name":"wp","href":"https:\/\/api.w.org\/{rel}","templated":true}]}}