{"id":254385,"date":"2023-10-17T12:50:00","date_gmt":"2023-10-17T16:50:00","guid":{"rendered":"https:\/\/www.ocorreionews.com.br\/acervo-correio\/?p=254385"},"modified":"2023-10-17T12:50:00","modified_gmt":"2023-10-17T16:50:00","slug":"nutricionista-da-saude-participa-de-seminario-e-congresso-em-campo-grande","status":"publish","type":"post","link":"https:\/\/www.ocorreionews.com.br\/acervo-correio\/?p=254385","title":{"rendered":"Nutricionista da sa\u00fade participa de semin\u00e1rio e congresso em Campo Grande"},"content":{"rendered":"<div dir=\"auto\">\n<p>O Nutricionista da Secretaria Municipal de Sa\u00fade de Figueir\u00e3o, Kaio Queiroz dos Santos, esteve entre os dias 04 e 06 de outubro de 2023 em Campo Grande, participando do 1\u00ba Semin\u00e1rio de Aten\u00e7\u00e3o \u00e0s Pessoas com Sobrepeso e Obesidade, semin\u00e1rio este, que faz parte das oficinas \u201cPreven\u00e7\u00e3o e Cuidado do Sobrepeso e Obesidade: como eu fa\u00e7o?\u201d. Essa foi a segunda de quatro oficinas, onde o munic\u00edpio de Figueir\u00e3o comparecer\u00e1 com demais munic\u00edpios nas datas de 28\/08, 25\/09 e 27\/11.<\/p>\n<p>Neste semin\u00e1rio, foram abordados diversos temas referentes ao sobrepeso e obesidade: indicadores de vigil\u00e2ncia alimentar e nutricional para o excesso de peso; a obesidade na agenda do SUS; estrat\u00e9gias e desafios para a constru\u00e7\u00e3o da linha de cuidado das pessoas com obesidade; o que o MS tem feito para o enfrentamento da obesidade; carteira de servi\u00e7os da aten\u00e7\u00e3o prim\u00e1ria \u00e0 sa\u00fade e a estrat\u00e9gia intersetorial de preven\u00e7\u00e3o da obesidade.<\/p>\n<p><img loading=\"lazy\" decoding=\"async\" class=\"alignnone wp-image-254386 size-full\" src=\"https:\/\/www.ocorreionews.com.br\/acervo-correio\/wp-content\/uploads\/2023\/10\/CONTUR-CG.jpg\" alt=\"\" width=\"800\" height=\"600\" srcset=\"https:\/\/www.ocorreionews.com.br\/acervo-correio\/wp-content\/uploads\/2023\/10\/CONTUR-CG.jpg 800w, https:\/\/www.ocorreionews.com.br\/acervo-correio\/wp-content\/uploads\/2023\/10\/CONTUR-CG-300x225.jpg 300w, https:\/\/www.ocorreionews.com.br\/acervo-correio\/wp-content\/uploads\/2023\/10\/CONTUR-CG-768x576.jpg 768w, https:\/\/www.ocorreionews.com.br\/acervo-correio\/wp-content\/uploads\/2023\/10\/CONTUR-CG-86x64.jpg 86w\" sizes=\"auto, (max-width: 800px) 100vw, 800px\" \/><\/p>\n<p>As palestrantes\/autoridades presentes eram da esfera estadual e federal, sendo elas: Dra. Camila Mazzeti \u2013 UFMS; Dra. Kelly Alves \u2013 Minist\u00e9rio da Sa\u00fade; Dra. Erika Cardoso dos Reis \u2013 UFOP; Me. Anderson Holsbach, Andr\u00e9ia Ferreira da Costa e Michele Borsoi \u2013 SES\/MS; Dra. Inara Pereira da Cunha &#8211; ESP, Renata Midoguti Joia \u2013 SMS\/CG, Renata da Silva Cruz \u2013 SMS\/Chapad\u00e3o do Sul, Ana Caroline Ananias \u2013 SMS\/Iguatemi e Dra. Gisele Bortolini \u2013 Minist\u00e9rio do Desenvolvimento Social.<\/p>\n<p>O evento foi promovido pela SES Secretaria de Estado de Sa\u00fade, por meio da coordenadoria de Doen\u00e7as Cr\u00f4nicas, apoio da ASMAN (Associa\u00e7\u00e3o Sul-mato-grossense de Nutri\u00e7\u00e3o) e OCCA\/UFMS (Observat\u00f3rio de Condi\u00e7\u00f5es Cr\u00f4nicas e Alimenta\u00e7\u00e3o da Universidade Federal de Mato Grosso do Sul).<\/p>\n<p>Conforme a fala da coordenadora da coordenadoria das Doen\u00e7as Cr\u00f4nicas da SES, Andr\u00e9ia Ferreira da Costa, o cuidado da obesidade inclui a aten\u00e7\u00e3o com a alimenta\u00e7\u00e3o, mas tamb\u00e9m outros determinantes, como os ambientes. Por isso \u00e9 indispens\u00e1vel um olhar sens\u00edvel, colaborativo entre as diferentes \u00e1reas, para al\u00e9m do setor sa\u00fade, na constru\u00e7\u00e3o de uma Linha de Cuidado do Sobrepeso e Obesidade no SUS Sistema \u00danico de Sa\u00fade de qualidade.<\/p>\n<p>Devido a participa\u00e7\u00e3o do munic\u00edpio de Figueir\u00e3o nas oficinas \u201cPreven\u00e7\u00e3o e Cuidado do Sobrepeso e Obesidade: como eu fa\u00e7o?\u201d Tamb\u00e9m foi disponibilizado um voucher para participar do \u201c1\u00ba CONUT\/MS A nutri\u00e7\u00e3o e os futuros alimentares: o que mudar aqui e agora\u201d (1\u00ba Congresso de Nutri\u00e7\u00e3o do Mato Grosso do Sul), conforme of\u00edcio enviado ao munic\u00edpio de n\u00ba 4599 \u201cConsiderando que o mundo enfrenta uma m\u00faltipla carga de m\u00e1 nutri\u00e7\u00e3o, onde a popula\u00e7\u00e3o est\u00e1 exposta \u00e0 obesidade, doen\u00e7as cr\u00f4nicas, desnutri\u00e7\u00e3o e car\u00eancias nutricionais, em decorr\u00eancia da inseguran\u00e7a alimentar e nutricional que se instala cada vez mais devido \u00e0 precariedade dos sistemas alimentares atuais.<\/p>\n<p>Profissionais, estudantes e pesquisadores enfrentam desafios di\u00e1rios na busca por solu\u00e7\u00f5es individuais e coletivas para enfrentar esse cen\u00e1rio. Nesse sentido, enfatiza-se a obesidade, o qual o estado de Mato Grosso do Sul \u00e9 o 6\u00b0 estado no ranking de custo atribu\u00edvel ao excesso de peso e obesidade no Brasil e o 1\u00b0 em mortes atribu\u00edveis ao excesso de peso.<\/p>\n<p>O evento teve grandes nomes na \u00e1rea da nutri\u00e7\u00e3o como seus palestrantes: Vanille Pessoa UFCG, Osvaldinete Lopes \u2013 UFMS e CRN3, Crhistinne Maymone &#8211; SES\/MS, S\u00e1vio Gomes &#8211; UFPB, Gisele Bortolini &#8211; Minist\u00e9rio do Desenvolvimento e Assist\u00eancia Social, Fam\u00edlia e Combate \u00e0 Fome, Bruna Rafacho &#8211; UFMS, Selma Brito \u2013 CRN3, Erick Cuzzio &#8211; CRN3, Erika Reis &#8211; UFOP, Patr\u00edcia Karla \u2013 UFGD, Alessandra Luglio &#8211; SVB, Fabiana Poltronieri &#8211; FAM\/SP, Ricardo Fernandes &#8211; UFGD, Ruth Guilherme &#8211; UFPE e ASBRAN, Rosana Maria Nogueira &#8211; CRN3, Jeanice de Azevedo \u2013 CRN3, Adolfo Henrique C. Santos &#8211; SED Rio Brilhante &#8211; MS, Marilice Werlang \u2013 SED\/MS, Jo\u00e3o Gabriel Sanchez &#8211; HCor &#8211; S\u00e3o Paulo, Rafael Marques &#8211; IPGS, Ana Paula Martoni &#8211; Cozinha Proteica, Rosa Maria Justi &#8211; Justi &#8211; Solu\u00e7\u00f5es para Neg\u00f3cios em Alimenta\u00e7\u00e3o e Nutri\u00e7\u00e3o, Radharani Bueno Lopes &#8211; Nutricionista Cl\u00ednico, Deise Bressan &#8211; UFMS, Sheila Prado &#8211; DSEI\/MS, Indianara Ramires Machado &#8211; UFGD, Raquel Campos &#8211; UFMS, Felipe Cardoso Associa\u00e7\u00e3o de Nutri\u00e7\u00e3o do Rio de Janeiro, \u00c2ngela Bahia, Anderson Holsbach &#8211; ASMAN, Faena Moura &#8211; Instituto Anabolize, Fabiane La Flor Sanches &#8211; UFMS, Karine Freitas Gielow &#8211; UFMS, Carol Oru\u00e9 &#8211; UFMS.<\/p>\n<p>Neste congresso foram abordadas as mais diversas tem\u00e1ticas dentro do campo da nutri\u00e7\u00e3o.<\/p>\n<p>O evento foi patrocinado e teve o apoio da Secretaria de Estado de Sa\u00fade de Mato Grosso do Sul (SES\/MS) e foi realizado pela Associa\u00e7\u00e3o Sul-Mato-Grossense de Nutri\u00e7\u00e3o (ASMAN).<\/p>\n<p>\u201cSem palavras para descrever tamanho aprendizado e inspira\u00e7\u00f5es que obtive com esse congresso e semin\u00e1rio. Foram v\u00e1rias provoca\u00e7\u00f5es, que ficam a todo momento cutucando minhas ideias, deixando meu c\u00e9rebro a mil. Cada palestrante colaborou e muito com seus saberes, experi\u00eancias e relatos, colaborando e muito com minha atua\u00e7\u00e3o e forma\u00e7\u00e3o como profissional da \u00e1rea da nutri\u00e7\u00e3o.<\/p>\n<p>O conhecimento obtido nesses cursos, congressos, oficinas e semin\u00e1rios, s\u00e3o para contribuir para a sa\u00fade dos mun\u00edcipes de Figueir\u00e3o e j\u00e1 est\u00e3o em pr\u00e1tica desde a primeira oficina realizada em junho.<\/p>\n<p>A riqueza de tanto aprendizado \u00e9 imensur\u00e1vel, me sinto honrado em poder estar frente a palestrantes t\u00e3o renomados e com tanto conhecimento para compartilhar, falando de uma forma que todos se mobilizem e fa\u00e7am reflex\u00f5es, sobre todo o par\u00e2metro alimentar e nutricional em todas as esferas, social, pol\u00edtica, ambiental, dentre outras mais.<\/p>\n<p>Agrade\u00e7o imensamente a oportunidade por poder participar de eventos t\u00e3o grandiosos como esses. Agrade\u00e7o a todo o corpo da ASMAN, pela organiza\u00e7\u00e3o e realiza\u00e7\u00e3o do evento, a SES que est\u00e1 realizando as oficinas da LCSO, atrav\u00e9s desta onde consegui a cortesia para participar do 1\u00b0 CONUT MS e que tamb\u00e9m realizou o 1\u00b0 SAPSO, assim como tamb\u00e9m agrade\u00e7o a gest\u00e3o da sa\u00fade de Figueir\u00e3o, que acreditou na import\u00e2ncia desses conhecimentos e permitiu e colaborou para que pudesse participar do evento, desde o ADM, colegas da SMS, Hospital, e as chefias, atrav\u00e9s do secret\u00e1rio Pedro Ubiali e DH e coordenadora da cl\u00ednica municipal de sa\u00fade Leila Egea. Espero, quero e devo utilizar todo esse conhecimento em benef\u00edcio e prol dos nossos mun\u00edcipes\u201d, disse o nutricionista Kaio Queiroz dos Santos.<\/p>\n<p>Fonte\/Fotos: PMFigueir\u00e3o\/RubemVasconcellos<\/p>\n<\/div>\n","protected":false},"excerpt":{"rendered":"<p>O Nutricionista da Secretaria Municipal de Sa\u00fade de Figueir\u00e3o, Kaio Queiroz dos Santos, esteve entre os dias 04 e 06 de outubro de 2023 em Campo Grande, participando do 1\u00ba Semin\u00e1rio de Aten\u00e7\u00e3o \u00e0s Pessoas com Sobrepeso e Obesidade, semin\u00e1rio este, que faz parte das oficinas \u201cPreven\u00e7\u00e3o e Cuidado do Sobrepeso e Obesidade: como eu [&hellip;]<\/p>\n","protected":false},"author":4,"featured_media":254387,"comment_status":"closed","ping_status":"closed","sticky":false,"template":"","format":"standard","meta":{"footnotes":""},"categories":[30],"tags":[],"class_list":["post-254385","post","type-post","status-publish","format-standard","has-post-thumbnail","hentry","category-figueirao"],"_links":{"self":[{"href":"https:\/\/www.ocorreionews.com.br\/acervo-correio\/index.php?rest_route=\/wp\/v2\/posts\/254385","targetHints":{"allow":["GET"]}}],"collection":[{"href":"https:\/\/www.ocorreionews.com.br\/acervo-correio\/index.php?rest_route=\/wp\/v2\/posts"}],"about":[{"href":"https:\/\/www.ocorreionews.com.br\/acervo-correio\/index.php?rest_route=\/wp\/v2\/types\/post"}],"author":[{"embeddable":true,"href":"https:\/\/www.ocorreionews.com.br\/acervo-correio\/index.php?rest_route=\/wp\/v2\/users\/4"}],"replies":[{"embeddable":true,"href":"https:\/\/www.ocorreionews.com.br\/acervo-correio\/index.php?rest_route=%2Fwp%2Fv2%2Fcomments&post=254385"}],"version-history":[{"count":1,"href":"https:\/\/www.ocorreionews.com.br\/acervo-correio\/index.php?rest_route=\/wp\/v2\/posts\/254385\/revisions"}],"predecessor-version":[{"id":254388,"href":"https:\/\/www.ocorreionews.com.br\/acervo-correio\/index.php?rest_route=\/wp\/v2\/posts\/254385\/revisions\/254388"}],"wp:featuredmedia":[{"embeddable":true,"href":"https:\/\/www.ocorreionews.com.br\/acervo-correio\/index.php?rest_route=\/wp\/v2\/media\/254387"}],"wp:attachment":[{"href":"https:\/\/www.ocorreionews.com.br\/acervo-correio\/index.php?rest_route=%2Fwp%2Fv2%2Fmedia&parent=254385"}],"wp:term":[{"taxonomy":"category","embeddable":true,"href":"https:\/\/www.ocorreionews.com.br\/acervo-correio\/index.php?rest_route=%2Fwp%2Fv2%2Fcategories&post=254385"},{"taxonomy":"post_tag","embeddable":true,"href":"https:\/\/www.ocorreionews.com.br\/acervo-correio\/index.php?rest_route=%2Fwp%2Fv2%2Ftags&post=254385"}],"curies":[{"name":"wp","href":"https:\/\/api.w.org\/{rel}","templated":true}]}}