{"id":254406,"date":"2023-10-16T13:22:23","date_gmt":"2023-10-16T17:22:23","guid":{"rendered":"https:\/\/www.ocorreionews.com.br\/acervo-correio\/?p=254406"},"modified":"2023-10-17T14:25:51","modified_gmt":"2023-10-17T18:25:51","slug":"prefeitura-de-costa-rica-entrega-dois-novos-caminhoes-cacamba-basculantes-para-secretaria-de-obras","status":"publish","type":"post","link":"https:\/\/www.ocorreionews.com.br\/acervo-correio\/?p=254406","title":{"rendered":"Prefeitura de Costa Rica entrega dois novos caminh\u00f5es ca\u00e7amba basculantes para Secretaria de Obras"},"content":{"rendered":"<div class=\"ntc_cont_descricao_noticia sw_txteditor\">Na manh\u00e3 desta segunda-feira, 16 de outubro, a Prefeitura de Costa Rica\/MS, realizou a entrega de dois novos caminh\u00f5es ca\u00e7amba basculantes para a Secretaria de Transportes, Urbaniza\u00e7\u00e3o e Obras P\u00fablicas. A aquisi\u00e7\u00e3o dos ve\u00edculos faz parte do projeto de moderniza\u00e7\u00e3o da frota e tem como objetivo principal oferecer agilidade e qualidade nos servi\u00e7os prestados \u00e0 popula\u00e7\u00e3o.<\/p>\n<p>Os caminh\u00f5es, do modelo Iveco Tector 27-320, s\u00e3o zero quil\u00f4metro, ano e modelo 2023. Com cor branca, possuem motor diesel, ar condicionado, tra\u00e7\u00e3o 6&#215;4 e capacidade para transportar at\u00e9 12 metros c\u00fabicos de carga. Cada ve\u00edculo foi adquirido pelo valor de R$ 674 mil junto \u00e0 empresa Torino MS Comercial de Ve\u00edculos Ltda.<\/p>\n<p>Durante a entrega, estiveram presentes o prefeito municipal, delegado Cleverson Alves dos Santos, os vereadores Adair Thiago e Rayner Moraes, o secret\u00e1rio de Sa\u00fade Jovenaldo Santos e a subsecret\u00e1ria de Governo, Ang\u00e9lica Clemente. O prefeito ressaltou a import\u00e2ncia da moderniza\u00e7\u00e3o da frota e destacou que al\u00e9m de aprimorar o atendimento \u00e0 popula\u00e7\u00e3o, os novos ve\u00edculos tamb\u00e9m garantem a seguran\u00e7a dos servidores e operadores, al\u00e9m de aumentar a produtividade.<\/p>\n<p>Cleverson Alves dos Santos ainda agradeceu o apoio da senadora Tereza Cristina, que possibilitou a aquisi\u00e7\u00e3o de mais dois caminh\u00f5es ca\u00e7amba basculantes para a Secretaria de Obras, atrav\u00e9s de emenda parlamentar destinada pelo Minist\u00e9rio da Agricultura e Pecu\u00e1ria (MAPA). O prefeito ressaltou o compromisso de sua gest\u00e3o em dar suporte aos produtores locais, facilitando o escoamento da produ\u00e7\u00e3o e gerando riquezas para a cidade.<\/p><\/div>\n<div><\/div>\n<div class=\"ntc_cont_descricao_noticia sw_txteditor\"><img loading=\"lazy\" decoding=\"async\" class=\"fancybox-image aligncenter\" src=\"https:\/\/www.costarica.ms.gov.br\/fotos\/4ab9ceea91d66661b1ca85097f2ca9a7.jpg\" width=\"599\" height=\"449\" \/><\/p>\n<p>O secret\u00e1rio de Obras, Penides Garcia Jacinto, expressou sua gratid\u00e3o ao prefeito pelo empenho em melhorar a cidade e enfatizou a import\u00e2ncia da Secretaria de Obras para o munic\u00edpio. Ele ressaltou que a falta de estradas adequadas prejudica a produ\u00e7\u00e3o, o transporte de estudantes e o desenvolvimento local. Jacinto elogiou o trabalho da administra\u00e7\u00e3o municipal em melhorar as condi\u00e7\u00f5es de trabalho da secretaria, que foi recebida com problemas e falta de equipamentos no in\u00edcio da gest\u00e3o.<\/p>\n<p>Com a entrega desses dois novos caminh\u00f5es ca\u00e7amba basculantes, a Secretaria de Transportes, Urbaniza\u00e7\u00e3o e Obras P\u00fablicas de Costa Rica se aproxima da meta de fechar seu maquin\u00e1rio em 100%, o que a tornar\u00e1 uma das melhores do estado de Mato Grosso do Sul.<\/p>\n<p>O investimento total na aquisi\u00e7\u00e3o dos caminh\u00f5es foi de mais de R$ 1,3 milh\u00e3o, sendo mais de R$ 800 mil provenientes do governo federal e mais de R$ 400 mil do governo municipal. A parceria entre a prefeitura e a C\u00e2mara de Vereadores foi destacada pelo prefeito, que ressaltou a import\u00e2ncia do apoio dos vereadores nas a\u00e7\u00f5es em benef\u00edcio da popula\u00e7\u00e3o de Costa Rica.<\/p>\n<p>A moderniza\u00e7\u00e3o da frota de caminh\u00f5es ca\u00e7amba basculantes \u00e9 mais um passo dado pela Prefeitura de Costa Rica em dire\u00e7\u00e3o ao desenvolvimento do munic\u00edpio e ao atendimento eficiente das demandas da popula\u00e7\u00e3o. Com ve\u00edculos novos e adequados, a expectativa \u00e9 que os servi\u00e7os oferecidos pela Secretaria de Transportes, Urbaniza\u00e7\u00e3o e Obras P\u00fablicas sejam realizados com maior agilidade e qualidade, beneficiando a todos os cidad\u00e3os costarriquenses.<\/p><\/div>\n<div class=\"ntc_cont_descricao_noticia sw_txteditor\">\n<\/div>\n<div class=\"ntc_area_info_noticia sw_lato\">\n<div>\n<div class=\"ntc_info_noticia\"><strong class=\"sw_lato_black\">Fonte: <\/strong>Assessoria de Comunica\u00e7\u00e3o &#8211; PMCR,<strong class=\"sw_lato_black\">\u00a0<\/strong>Silvestre de Castro<\/div>\n<\/div>\n<\/div>\n","protected":false},"excerpt":{"rendered":"<p>Na manh\u00e3 desta segunda-feira, 16 de outubro, a Prefeitura de Costa Rica\/MS, realizou a entrega de dois novos caminh\u00f5es ca\u00e7amba basculantes para a Secretaria de Transportes, Urbaniza\u00e7\u00e3o e Obras P\u00fablicas. A aquisi\u00e7\u00e3o dos ve\u00edculos faz parte do projeto de moderniza\u00e7\u00e3o da frota e tem como objetivo principal oferecer agilidade e qualidade nos servi\u00e7os prestados \u00e0 [&hellip;]<\/p>\n","protected":false},"author":5,"featured_media":254407,"comment_status":"closed","ping_status":"closed","sticky":false,"template":"","format":"standard","meta":{"footnotes":""},"categories":[25,41],"tags":[],"class_list":["post-254406","post","type-post","status-publish","format-standard","has-post-thumbnail","hentry","category-costa-rica","category-destaque"],"_links":{"self":[{"href":"https:\/\/www.ocorreionews.com.br\/acervo-correio\/index.php?rest_route=\/wp\/v2\/posts\/254406","targetHints":{"allow":["GET"]}}],"collection":[{"href":"https:\/\/www.ocorreionews.com.br\/acervo-correio\/index.php?rest_route=\/wp\/v2\/posts"}],"about":[{"href":"https:\/\/www.ocorreionews.com.br\/acervo-correio\/index.php?rest_route=\/wp\/v2\/types\/post"}],"author":[{"embeddable":true,"href":"https:\/\/www.ocorreionews.com.br\/acervo-correio\/index.php?rest_route=\/wp\/v2\/users\/5"}],"replies":[{"embeddable":true,"href":"https:\/\/www.ocorreionews.com.br\/acervo-correio\/index.php?rest_route=%2Fwp%2Fv2%2Fcomments&post=254406"}],"version-history":[{"count":1,"href":"https:\/\/www.ocorreionews.com.br\/acervo-correio\/index.php?rest_route=\/wp\/v2\/posts\/254406\/revisions"}],"predecessor-version":[{"id":254408,"href":"https:\/\/www.ocorreionews.com.br\/acervo-correio\/index.php?rest_route=\/wp\/v2\/posts\/254406\/revisions\/254408"}],"wp:featuredmedia":[{"embeddable":true,"href":"https:\/\/www.ocorreionews.com.br\/acervo-correio\/index.php?rest_route=\/wp\/v2\/media\/254407"}],"wp:attachment":[{"href":"https:\/\/www.ocorreionews.com.br\/acervo-correio\/index.php?rest_route=%2Fwp%2Fv2%2Fmedia&parent=254406"}],"wp:term":[{"taxonomy":"category","embeddable":true,"href":"https:\/\/www.ocorreionews.com.br\/acervo-correio\/index.php?rest_route=%2Fwp%2Fv2%2Fcategories&post=254406"},{"taxonomy":"post_tag","embeddable":true,"href":"https:\/\/www.ocorreionews.com.br\/acervo-correio\/index.php?rest_route=%2Fwp%2Fv2%2Ftags&post=254406"}],"curies":[{"name":"wp","href":"https:\/\/api.w.org\/{rel}","templated":true}]}}