{"id":254481,"date":"2023-10-18T09:17:01","date_gmt":"2023-10-18T13:17:01","guid":{"rendered":"https:\/\/www.ocorreionews.com.br\/acervo-correio\/?p=254481"},"modified":"2023-10-18T09:17:01","modified_gmt":"2023-10-18T13:17:01","slug":"torturada-queimada-e-cortada-adolescente-era-mantida-sob-carcere-em-ms","status":"publish","type":"post","link":"https:\/\/www.ocorreionews.com.br\/acervo-correio\/?p=254481","title":{"rendered":"Torturada, queimada e cortada: adolescente era mantida sob c\u00e1rcere em MS"},"content":{"rendered":"<p>Uma adolescente de 17 anos foi mantida em c\u00e1rcere privado pelo companheiro de 27 anos e submetida a v\u00e1rios tipos de viol\u00eancias f\u00edsicas e psicol\u00f3gicas na casa onde moravam nas Moreninhas, em Campo Grande. Ela foi resgatada nesta ter\u00e7a-feira (17) ap\u00f3s den\u00fancia de moradores da regi\u00e3o. O autor ainda n\u00e3o foi localizado.<\/p>\n<p>Entre as agress\u00f5es, a jovem sofreu espancamentos at\u00e9 ficar desmaiada, teve o corpo queimado com \u00e1gua fervente, ferro de passar roupa, sofreu choques el\u00e9tricos, teve parte \u00edntima e cabelos cortados com faca, foi obrigada a introduzir objeto tamb\u00e9m em parte \u00edntima e a tomar rem\u00e9dios controlados at\u00e9 ficar dopada.<\/p>\n<p>\u00c0 pol\u00edcia, ela relatou que namorou o autor h\u00e1 um ano e a aproximadamente dois meses moravam juntos. Desde o \u00faltimo dia 10, segundo a jovem, era mantida em c\u00e1rcere dentro da casa. Ambos n\u00e3o possuem filhos. O motivo de todas as agress\u00f5es sofridas, segundo a v\u00edtima, era por causa de ci\u00fames do autor que \u00e9 dependente qu\u00edmico.<\/p>\n<p>Ela contou \u00e0 pol\u00edcia que ele chegou alterado nesta segunda-feira (16) em casa devido ao uso de entorpecentes, a trancou na resid\u00eancia quando come\u00e7ou a agredi-la. Ele esquentou \u00e1gua no fog\u00e3o e jogou contra a jovem, causando les\u00e3o e no bra\u00e7o esquerdo e pesco\u00e7o.<\/p>\n<p>Em seguida, esquentou o ferro de passar roupa e a queimou nas costas da v\u00edtima. A adolescente tamb\u00e9m relatou agress\u00f5es sofridas como choque el\u00e9trico, introdu\u00e7\u00e3o de objeto em parte \u00edntima al\u00e9m dos cabelos e da parte \u00edntima cortada com uma faca. Al\u00e9m disso, as agress\u00f5es f\u00edsicas terminavam somente quando ela estava desfalecida.<\/p>\n<p>A cada dois dias era obrigada a tomar medicamentos que a deixavam dopada. Nesta ter\u00e7a-feira (17), moradores da regi\u00e3o conseguiram contato com um tio do autor que foi \u00e0 casa, levou a menina para a UPA Moreninhas e acionou a Pol\u00edcia Militar.<\/p>\n<p>Antes da pol\u00edcia ser acionada, o autor fugiu de casa levando o celular da jovem. At\u00e9 o momento ele ainda n\u00e3o foi localizado. Exames na unidade de sa\u00fade confirmaram as agress\u00f5es sofridas.<\/p>\n<p>Ap\u00f3s atendimento, ela foi encaminhada \u00e0 Deam (Delegacia Especializada de Atendimento \u00e0 Mulher), onde prestou depoimento e foi feito medida protetiva, al\u00e9m do encaminhamento para atendimento psicossocial. A faca utilizada nos crimes e o cabelo cortado foram levados \u00e0 delegacia. A pol\u00edcia realiza dilig\u00eancias atr\u00e1s do autor.<\/p>\n<p>O caso foi registrado como crime de tortura, constranger algu\u00e9m com <a class=\"st_tag internal_tag \" title=\"Not\u00edcias sobre emprego\" href=\"https:\/\/midiamax.uol.com.br\/tag\/emprego\/\" rel=\"tag\">emprego<\/a> de viol\u00eancia ou grave amea\u00e7a. causando-lhe sofrimento f\u00edsico ou mental. Sequestro e c\u00e1rcere privado, se o crime \u00e9 praticado contra menor de 18 anos, al\u00e9m de feminic\u00eddio na forma tentada.<\/p>\n<p>&nbsp;<\/p>\n<div class=\"elementor-element elementor-element-1944f35 post-author elementor-widget__width-auto elementor-widget elementor-widget-shortcode\" data-id=\"1944f35\" data-element_type=\"widget\" data-widget_type=\"shortcode.default\">\n<div class=\"elementor-widget-container\">\n<div class=\"elementor-shortcode\">*Midiamax, Diego Alves e Thatiana Melo<\/div>\n<\/div>\n<\/div>\n<div class=\"elementor-element elementor-element-ec9eab2 elementor-widget__width-auto elementor-widget elementor-widget-text-editor\" data-id=\"ec9eab2\" data-element_type=\"widget\" data-widget_type=\"text-editor.default\">\n<div class=\"elementor-widget-container\"><\/div>\n<\/div>\n","protected":false},"excerpt":{"rendered":"<p>Uma adolescente de 17 anos foi mantida em c\u00e1rcere privado pelo companheiro de 27 anos e submetida a v\u00e1rios tipos de viol\u00eancias f\u00edsicas e psicol\u00f3gicas na casa onde moravam nas Moreninhas, em Campo Grande. Ela foi resgatada nesta ter\u00e7a-feira (17) ap\u00f3s den\u00fancia de moradores da regi\u00e3o. O autor ainda n\u00e3o foi localizado. Entre as agress\u00f5es, [&hellip;]<\/p>\n","protected":false},"author":5,"featured_media":234923,"comment_status":"closed","ping_status":"closed","sticky":false,"template":"","format":"standard","meta":{"footnotes":""},"categories":[38],"tags":[],"class_list":["post-254481","post","type-post","status-publish","format-standard","has-post-thumbnail","hentry","category-policia"],"_links":{"self":[{"href":"https:\/\/www.ocorreionews.com.br\/acervo-correio\/index.php?rest_route=\/wp\/v2\/posts\/254481","targetHints":{"allow":["GET"]}}],"collection":[{"href":"https:\/\/www.ocorreionews.com.br\/acervo-correio\/index.php?rest_route=\/wp\/v2\/posts"}],"about":[{"href":"https:\/\/www.ocorreionews.com.br\/acervo-correio\/index.php?rest_route=\/wp\/v2\/types\/post"}],"author":[{"embeddable":true,"href":"https:\/\/www.ocorreionews.com.br\/acervo-correio\/index.php?rest_route=\/wp\/v2\/users\/5"}],"replies":[{"embeddable":true,"href":"https:\/\/www.ocorreionews.com.br\/acervo-correio\/index.php?rest_route=%2Fwp%2Fv2%2Fcomments&post=254481"}],"version-history":[{"count":1,"href":"https:\/\/www.ocorreionews.com.br\/acervo-correio\/index.php?rest_route=\/wp\/v2\/posts\/254481\/revisions"}],"predecessor-version":[{"id":254482,"href":"https:\/\/www.ocorreionews.com.br\/acervo-correio\/index.php?rest_route=\/wp\/v2\/posts\/254481\/revisions\/254482"}],"wp:featuredmedia":[{"embeddable":true,"href":"https:\/\/www.ocorreionews.com.br\/acervo-correio\/index.php?rest_route=\/wp\/v2\/media\/234923"}],"wp:attachment":[{"href":"https:\/\/www.ocorreionews.com.br\/acervo-correio\/index.php?rest_route=%2Fwp%2Fv2%2Fmedia&parent=254481"}],"wp:term":[{"taxonomy":"category","embeddable":true,"href":"https:\/\/www.ocorreionews.com.br\/acervo-correio\/index.php?rest_route=%2Fwp%2Fv2%2Fcategories&post=254481"},{"taxonomy":"post_tag","embeddable":true,"href":"https:\/\/www.ocorreionews.com.br\/acervo-correio\/index.php?rest_route=%2Fwp%2Fv2%2Ftags&post=254481"}],"curies":[{"name":"wp","href":"https:\/\/api.w.org\/{rel}","templated":true}]}}