{"id":254486,"date":"2023-10-18T09:56:11","date_gmt":"2023-10-18T13:56:11","guid":{"rendered":"https:\/\/www.ocorreionews.com.br\/acervo-correio\/?p=254486"},"modified":"2023-10-18T10:01:06","modified_gmt":"2023-10-18T14:01:06","slug":"motociclista-fica-gravemente-ferido-ao-avancar-o-pare-e-colidir-com-onibus-em-paraiso-das-aguas","status":"publish","type":"post","link":"https:\/\/www.ocorreionews.com.br\/acervo-correio\/?p=254486","title":{"rendered":"Motociclista fica gravemente ferido ao avan\u00e7ar o \u201cPARE\u201d e colidir com \u00f4nibus em Para\u00edso das \u00c1guas"},"content":{"rendered":"<p>No final da tarde desta ter\u00e7a-feira (17), um homem de 36 anos, ficou gravemente ferido ao avan\u00e7ar a preferencial e colidir com um \u00f4nibus na cidade de Para\u00edso das \u00c1guas.<\/p>\n<p>De acordo com informa\u00e7\u00f5es retiradas do Boletim de Ocorr\u00eancia, por volta das 17 horas a Pol\u00edcia Militar de Para\u00edso das \u00c1guas foi acionada para atender uma ocorr\u00eancia de acidente de tr\u00e2nsito. No local foi visualizado que se tratava de uma colis\u00e3o envolvendo uma moto e um \u00f4nibus.<\/p>\n<p>O condutor do \u00f4nibus VW\/NEOBUS transitava pela Rua Sidnei Alves Siqueira, quando o condutor da moto Honda\/XR 250 avan\u00e7ou o sinal de PARE na Rua Francisco Alves da Cunha vindo a colidir com \u00f4nibus.<\/p>\n<p>Diante do ocorrido o autor\/v\u00edtima foi socorrido e encaminhado de vaga zero para Campo Grande- MS devido \u00e0 gravidade dos ferimentos sendo uma fratura exposta em sua perna direita.<\/p>\n<p>Uma guarni\u00e7\u00e3o da Pol\u00edcia Militar esteve no local e confeccionou o boletim de ocorr\u00eancia que foi entregue na Delegacia de Pol\u00edcia para as futuras providencias.<\/p>\n","protected":false},"excerpt":{"rendered":"<p>No final da tarde desta ter\u00e7a-feira (17), um homem de 36 anos, ficou gravemente ferido ao avan\u00e7ar a preferencial e colidir com um \u00f4nibus na cidade de Para\u00edso das \u00c1guas. De acordo com informa\u00e7\u00f5es retiradas do Boletim de Ocorr\u00eancia, por volta das 17 horas a Pol\u00edcia Militar de Para\u00edso das \u00c1guas foi acionada para atender [&hellip;]<\/p>\n","protected":false},"author":5,"featured_media":231718,"comment_status":"closed","ping_status":"closed","sticky":false,"template":"","format":"standard","meta":{"footnotes":""},"categories":[36,38],"tags":[],"class_list":["post-254486","post","type-post","status-publish","format-standard","has-post-thumbnail","hentry","category-paraiso-das-aguas","category-policia"],"_links":{"self":[{"href":"https:\/\/www.ocorreionews.com.br\/acervo-correio\/index.php?rest_route=\/wp\/v2\/posts\/254486","targetHints":{"allow":["GET"]}}],"collection":[{"href":"https:\/\/www.ocorreionews.com.br\/acervo-correio\/index.php?rest_route=\/wp\/v2\/posts"}],"about":[{"href":"https:\/\/www.ocorreionews.com.br\/acervo-correio\/index.php?rest_route=\/wp\/v2\/types\/post"}],"author":[{"embeddable":true,"href":"https:\/\/www.ocorreionews.com.br\/acervo-correio\/index.php?rest_route=\/wp\/v2\/users\/5"}],"replies":[{"embeddable":true,"href":"https:\/\/www.ocorreionews.com.br\/acervo-correio\/index.php?rest_route=%2Fwp%2Fv2%2Fcomments&post=254486"}],"version-history":[{"count":1,"href":"https:\/\/www.ocorreionews.com.br\/acervo-correio\/index.php?rest_route=\/wp\/v2\/posts\/254486\/revisions"}],"predecessor-version":[{"id":254487,"href":"https:\/\/www.ocorreionews.com.br\/acervo-correio\/index.php?rest_route=\/wp\/v2\/posts\/254486\/revisions\/254487"}],"wp:featuredmedia":[{"embeddable":true,"href":"https:\/\/www.ocorreionews.com.br\/acervo-correio\/index.php?rest_route=\/wp\/v2\/media\/231718"}],"wp:attachment":[{"href":"https:\/\/www.ocorreionews.com.br\/acervo-correio\/index.php?rest_route=%2Fwp%2Fv2%2Fmedia&parent=254486"}],"wp:term":[{"taxonomy":"category","embeddable":true,"href":"https:\/\/www.ocorreionews.com.br\/acervo-correio\/index.php?rest_route=%2Fwp%2Fv2%2Fcategories&post=254486"},{"taxonomy":"post_tag","embeddable":true,"href":"https:\/\/www.ocorreionews.com.br\/acervo-correio\/index.php?rest_route=%2Fwp%2Fv2%2Ftags&post=254486"}],"curies":[{"name":"wp","href":"https:\/\/api.w.org\/{rel}","templated":true}]}}