{"id":254491,"date":"2023-10-18T10:47:07","date_gmt":"2023-10-18T14:47:07","guid":{"rendered":"https:\/\/www.ocorreionews.com.br\/acervo-correio\/?p=254491"},"modified":"2023-10-18T10:48:46","modified_gmt":"2023-10-18T14:48:46","slug":"cei-esperanca-e-reformado-e-ampliado-e-recebe-homenagem-a-educadora-rosa-leonice-zago-archilha","status":"publish","type":"post","link":"https:\/\/www.ocorreionews.com.br\/acervo-correio\/?p=254491","title":{"rendered":"CEI Esperan\u00e7a \u00e9 reformado e ampliado e recebe homenagem \u00e0 educadora Rosa Leonice Zago Archilha"},"content":{"rendered":"<p>Em mais uma etapa das comemora\u00e7\u00f5es dos 36 anos de emancipa\u00e7\u00e3o de Chapad\u00e3o do Sul, a cidade testemunhou com grande alegria a entrega das reformas e amplia\u00e7\u00f5es do Centro de Educa\u00e7\u00e3o Infantil (CEI) Esperan\u00e7a, que est\u00e1 passando por uma significativa reforma e amplia\u00e7\u00e3o para melhor atender \u00e0 demanda de alunos do Bairro Esperan\u00e7a. A solenidade, realizada nesta ter\u00e7a-feira (17), foi marcada pela presen\u00e7a do prefeito Jo\u00e3o Carlos Krug e de ilustres autoridades municipais, incluindo os secret\u00e1rios Agnes Miler (Governo), Ricardo Alves (SEINFRA), Raquel Tortelli (Administra\u00e7\u00e3o), Guerino Perius (Educa\u00e7\u00e3o e Cultura), Lucas Cabrera (Controlador interno) e J\u00fanior Teixeira (SEDEMA). Do Legislativo de Chapad\u00e3o do Sul, estiveram presentes os vereadores Al\u00edrio Bacca (1\u00ba Vice-presidente) e Andr\u00e9 dos Anjos (2\u00ba Vice-presidente).<\/p>\n<p>As benfeitorias que est\u00e3o sendo realizadas no CEI Esperan\u00e7a foram contratadas pelo valor de R$ 3.052.103,07, abrangendo uma moderniza\u00e7\u00e3o completa da fachada, amplia\u00e7\u00e3o da recep\u00e7\u00e3o e secretaria, acr\u00e9scimo de 8 salas de aula, expans\u00e3o do refeit\u00f3rio com banheiros adaptados, melhorias na cozinha, constru\u00e7\u00e3o de uma nova quadra de esportes, vesti\u00e1rio e sala para os funcion\u00e1rios, al\u00e9m da cria\u00e7\u00e3o de uma lavanderia completamente nova. Tamb\u00e9m esta sendo realizadas adequa\u00e7\u00f5es nos sistemas hidr\u00e1ulicos e el\u00e9tricos, entre outras melhorias, garantindo um ambiente educacional seguro e prop\u00edcio ao aprendizado.<\/p>\n<p>Num momento de grande honra, o prefeito Jo\u00e3o Carlos Krug anunciou, por meio do Decreto n\u00ba 3.872, de 16 de outubro de 2023, a mudan\u00e7a do nome do CEI Esperan\u00e7a para CEI Professora Nice Archilha, em homenagem \u00e0 educadora Rosa Leonice Zago Archilha, uma figura emblem\u00e1tica na hist\u00f3ria educacional de Chapad\u00e3o do Sul.<\/p>\n<p>Durante a cerim\u00f4nia, o prefeito expressou sua emo\u00e7\u00e3o: &#8220;Hoje celebramos n\u00e3o apenas uma reforma, mas tamb\u00e9m a dedica\u00e7\u00e3o \u00e0 educa\u00e7\u00e3o que a Professora Nice Archilha representou ao longo de sua vida. Esta homenagem \u00e9 um testemunho do nosso reconhecimento pelo legado dela. Estamos comprometidos em proporcionar um ambiente educacional de alta qualidade para todas as crian\u00e7as de Chapad\u00e3o do Sul.&#8221;<\/p>\n<p>A mudan\u00e7a para o nome CEI Professora Nice Archilha \u00e9 um tributo merecido a uma educadora exemplar, cujo impacto positivo na comunidade continuar\u00e1 a ser sentido por gera\u00e7\u00f5es. O CEI, agora dedicado \u00e0 sua mem\u00f3ria, ser\u00e1 um espa\u00e7o onde o amor pela aprendizagem ser\u00e1 cultivado e onde as crian\u00e7as poder\u00e3o florescer plenamente.<\/p>\n<p><img decoding=\"async\" src=\"http:\/\/www.chapadaodosul.ms.gov.br\/admin\/arquivos\/imagem\/IMG_5762.JPG\" \/><img decoding=\"async\" src=\"http:\/\/www.chapadaodosul.ms.gov.br\/admin\/arquivos\/imagem\/IMG_5794.JPG\" \/><img decoding=\"async\" src=\"http:\/\/www.chapadaodosul.ms.gov.br\/admin\/arquivos\/imagem\/IMG_5833.JPG\" \/><img decoding=\"async\" src=\"http:\/\/www.chapadaodosul.ms.gov.br\/admin\/arquivos\/imagem\/IMG_5855.JPG\" \/><\/p>\n<p>&nbsp;<\/p>\n<p>&nbsp;<\/p>\n<p>*Assessoria de Imprensa<\/p>\n","protected":false},"excerpt":{"rendered":"<p>Em mais uma etapa das comemora\u00e7\u00f5es dos 36 anos de emancipa\u00e7\u00e3o de Chapad\u00e3o do Sul, a cidade testemunhou com grande alegria a entrega das reformas e amplia\u00e7\u00f5es do Centro de Educa\u00e7\u00e3o Infantil (CEI) Esperan\u00e7a, que est\u00e1 passando por uma significativa reforma e amplia\u00e7\u00e3o para melhor atender \u00e0 demanda de alunos do Bairro Esperan\u00e7a. A solenidade, [&hellip;]<\/p>\n","protected":false},"author":5,"featured_media":254492,"comment_status":"closed","ping_status":"closed","sticky":false,"template":"","format":"standard","meta":{"footnotes":""},"categories":[23,41],"tags":[],"class_list":["post-254491","post","type-post","status-publish","format-standard","has-post-thumbnail","hentry","category-chapadao-do-sul","category-destaque"],"_links":{"self":[{"href":"https:\/\/www.ocorreionews.com.br\/acervo-correio\/index.php?rest_route=\/wp\/v2\/posts\/254491","targetHints":{"allow":["GET"]}}],"collection":[{"href":"https:\/\/www.ocorreionews.com.br\/acervo-correio\/index.php?rest_route=\/wp\/v2\/posts"}],"about":[{"href":"https:\/\/www.ocorreionews.com.br\/acervo-correio\/index.php?rest_route=\/wp\/v2\/types\/post"}],"author":[{"embeddable":true,"href":"https:\/\/www.ocorreionews.com.br\/acervo-correio\/index.php?rest_route=\/wp\/v2\/users\/5"}],"replies":[{"embeddable":true,"href":"https:\/\/www.ocorreionews.com.br\/acervo-correio\/index.php?rest_route=%2Fwp%2Fv2%2Fcomments&post=254491"}],"version-history":[{"count":2,"href":"https:\/\/www.ocorreionews.com.br\/acervo-correio\/index.php?rest_route=\/wp\/v2\/posts\/254491\/revisions"}],"predecessor-version":[{"id":254494,"href":"https:\/\/www.ocorreionews.com.br\/acervo-correio\/index.php?rest_route=\/wp\/v2\/posts\/254491\/revisions\/254494"}],"wp:featuredmedia":[{"embeddable":true,"href":"https:\/\/www.ocorreionews.com.br\/acervo-correio\/index.php?rest_route=\/wp\/v2\/media\/254492"}],"wp:attachment":[{"href":"https:\/\/www.ocorreionews.com.br\/acervo-correio\/index.php?rest_route=%2Fwp%2Fv2%2Fmedia&parent=254491"}],"wp:term":[{"taxonomy":"category","embeddable":true,"href":"https:\/\/www.ocorreionews.com.br\/acervo-correio\/index.php?rest_route=%2Fwp%2Fv2%2Fcategories&post=254491"},{"taxonomy":"post_tag","embeddable":true,"href":"https:\/\/www.ocorreionews.com.br\/acervo-correio\/index.php?rest_route=%2Fwp%2Fv2%2Ftags&post=254491"}],"curies":[{"name":"wp","href":"https:\/\/api.w.org\/{rel}","templated":true}]}}