{"id":254499,"date":"2023-10-18T12:56:34","date_gmt":"2023-10-18T16:56:34","guid":{"rendered":"https:\/\/www.ocorreionews.com.br\/acervo-correio\/?p=254499"},"modified":"2023-10-18T12:56:34","modified_gmt":"2023-10-18T16:56:34","slug":"prefeito-dalmy-participou-de-encontro-regional-em-rio-verde-de-mt","status":"publish","type":"post","link":"https:\/\/www.ocorreionews.com.br\/acervo-correio\/?p=254499","title":{"rendered":"Prefeito Dalmy participou de Encontro Regional em Rio Verde de MT"},"content":{"rendered":"<p>O Prefeito Dalmy Cris\u00f3stomo, participou ontem (17\/10) do Encontro Regional do Plano Estadual de Economia Criativa do Mato Grosso do Sul, que aconteceu na Cidade de Rio Verde de MT.<\/p>\n<p>O encontro tem como objetivo contribuir com o desenvolvimento econ\u00f4mico dos munic\u00edpios do nosso estado e faz parte do Plano MS+Criativo, onde ao todo 8 encontro regionais aconteceram, com foco em identificar as identidades de cada munic\u00edpio.<\/p>\n<p>&nbsp;<\/p>\n<p>O evento foi conduzido por Sabrina Del Bianco e Alexandre Andrade, do Coletivo Centopeia e contou com a presen\u00e7a de autoridades como o Prefeito de Rio Verde de MT, o Sr. R\u00e9us Fornari, o Prefeito de Pedro Gomes, Willian Fontoura, representantes do SESC, SEBRAE e diversas \u00e1reas, como turismo, cultura, esportes, meio ambiente, artistas, artes\u00e3os, designers, publicit\u00e1rios, empreendedores entre outros.<\/p>\n<p><img loading=\"lazy\" decoding=\"async\" class=\"alignnone wp-image-254501 size-full\" src=\"https:\/\/www.ocorreionews.com.br\/acervo-correio\/wp-content\/uploads\/2023\/10\/dalmy-Rv2.png\" alt=\"\" width=\"608\" height=\"403\" srcset=\"https:\/\/www.ocorreionews.com.br\/acervo-correio\/wp-content\/uploads\/2023\/10\/dalmy-Rv2.png 608w, https:\/\/www.ocorreionews.com.br\/acervo-correio\/wp-content\/uploads\/2023\/10\/dalmy-Rv2-300x199.png 300w\" sizes=\"auto, (max-width: 608px) 100vw, 608px\" \/><\/p>\n<p>Em 05 de dezembro as propostas ser\u00e3o debatidas em Campo Grande, durante o Encontro Estadual, onde ser\u00e1 formalizado o Plano a ser submetido \u00e0 Assembleia Legislativa.<\/p>\n<p>&nbsp;<\/p>\n<p>Fontes e fotos: Prefeitura de Rio Verde de MT.<\/p>\n","protected":false},"excerpt":{"rendered":"<p>O Prefeito Dalmy Cris\u00f3stomo, participou ontem (17\/10) do Encontro Regional do Plano Estadual de Economia Criativa do Mato Grosso do Sul, que aconteceu na Cidade de Rio Verde de MT. O encontro tem como objetivo contribuir com o desenvolvimento econ\u00f4mico dos munic\u00edpios do nosso estado e faz parte do Plano MS+Criativo, onde ao todo 8 [&hellip;]<\/p>\n","protected":false},"author":4,"featured_media":254500,"comment_status":"closed","ping_status":"closed","sticky":false,"template":"","format":"standard","meta":{"footnotes":""},"categories":[18],"tags":[],"class_list":["post-254499","post","type-post","status-publish","format-standard","has-post-thumbnail","hentry","category-alcinopolis"],"_links":{"self":[{"href":"https:\/\/www.ocorreionews.com.br\/acervo-correio\/index.php?rest_route=\/wp\/v2\/posts\/254499","targetHints":{"allow":["GET"]}}],"collection":[{"href":"https:\/\/www.ocorreionews.com.br\/acervo-correio\/index.php?rest_route=\/wp\/v2\/posts"}],"about":[{"href":"https:\/\/www.ocorreionews.com.br\/acervo-correio\/index.php?rest_route=\/wp\/v2\/types\/post"}],"author":[{"embeddable":true,"href":"https:\/\/www.ocorreionews.com.br\/acervo-correio\/index.php?rest_route=\/wp\/v2\/users\/4"}],"replies":[{"embeddable":true,"href":"https:\/\/www.ocorreionews.com.br\/acervo-correio\/index.php?rest_route=%2Fwp%2Fv2%2Fcomments&post=254499"}],"version-history":[{"count":1,"href":"https:\/\/www.ocorreionews.com.br\/acervo-correio\/index.php?rest_route=\/wp\/v2\/posts\/254499\/revisions"}],"predecessor-version":[{"id":254502,"href":"https:\/\/www.ocorreionews.com.br\/acervo-correio\/index.php?rest_route=\/wp\/v2\/posts\/254499\/revisions\/254502"}],"wp:featuredmedia":[{"embeddable":true,"href":"https:\/\/www.ocorreionews.com.br\/acervo-correio\/index.php?rest_route=\/wp\/v2\/media\/254500"}],"wp:attachment":[{"href":"https:\/\/www.ocorreionews.com.br\/acervo-correio\/index.php?rest_route=%2Fwp%2Fv2%2Fmedia&parent=254499"}],"wp:term":[{"taxonomy":"category","embeddable":true,"href":"https:\/\/www.ocorreionews.com.br\/acervo-correio\/index.php?rest_route=%2Fwp%2Fv2%2Fcategories&post=254499"},{"taxonomy":"post_tag","embeddable":true,"href":"https:\/\/www.ocorreionews.com.br\/acervo-correio\/index.php?rest_route=%2Fwp%2Fv2%2Ftags&post=254499"}],"curies":[{"name":"wp","href":"https:\/\/api.w.org\/{rel}","templated":true}]}}