{"id":254504,"date":"2023-10-18T13:22:46","date_gmt":"2023-10-18T17:22:46","guid":{"rendered":"https:\/\/www.ocorreionews.com.br\/acervo-correio\/?p=254504"},"modified":"2023-10-18T13:22:46","modified_gmt":"2023-10-18T17:22:46","slug":"homem-e-preso-em-flagrante-por-agredir-namorada-e-a-cunhada-em-costa-rica","status":"publish","type":"post","link":"https:\/\/www.ocorreionews.com.br\/acervo-correio\/?p=254504","title":{"rendered":"Homem \u00e9 preso em flagrante por agredir namorada e a cunhada em Costa Rica"},"content":{"rendered":"<p><span data-contrast=\"auto\">A Pol\u00edcia Civil de Costa Rica prendeu em flagrante nesta ter\u00e7a-feira (17), A.F.A. de 32 anos, por agredir a namorada e a cunhada, e durante checagem no sistema autor tinha em seu desfavor dois mandados de pris\u00e3o pelo mesmo crime.<\/span><span data-ccp-props=\"{&quot;201341983&quot;:0,&quot;335551550&quot;:6,&quot;335551620&quot;:6,&quot;335559739&quot;:160,&quot;335559740&quot;:259}\">\u00a0<\/span><\/p>\n<p><span data-contrast=\"auto\">De acordo com informa\u00e7\u00f5es do Boletim de Ocorr\u00eancia, a Pol\u00edcia Civil agiu prontamente em resposta a uma ocorr\u00eancia de viol\u00eancia dom\u00e9stica em que as v\u00edtimas eram duas irm\u00e3s, que solicitaram aux\u00edlio ap\u00f3s vivenciar uma s\u00e9rie de eventos extremamente angustiantes. Segundo relatos, uma das v\u00edtimas e o autor das agress\u00f5es A.F.A., mantiveram um relacionamento por nove meses. Durante esse per\u00edodo, embora tenham ocorrido desentendimentos, a v\u00edtima nunca havia sido v\u00edtima de agress\u00f5es f\u00edsicas por parte do autor. No entanto, ap\u00f3s a mulher comunicar sua inten\u00e7\u00e3o de se separar, &#8220;A.F.A.&#8221; recusou-se a aceitar a decis\u00e3o, desencadeando uma s\u00e9rie de acontecimentos de viol\u00eancia dom\u00e9stica. <\/span><span data-ccp-props=\"{&quot;201341983&quot;:0,&quot;335551550&quot;:6,&quot;335551620&quot;:6,&quot;335559739&quot;:160,&quot;335559740&quot;:259}\">\u00a0<\/span><\/p>\n<p><span data-contrast=\"auto\">O autor, &#8220;A.F.A.&#8221;, teria proferido amea\u00e7as \u00e0 v\u00edtima, incluindo amea\u00e7as \u00e0 sua vida utilizando um fac\u00e3o, bem como \u00e0s vidas dos filhos da v\u00edtima. Ele chegou a quebrar o celular do filho da v\u00edtima e seu notebook. A situa\u00e7\u00e3o agravou-se \u00e0 medida que a v\u00edtima foi enforcada e fisicamente agredida, resultando em les\u00f5es vis\u00edveis, como marcas no pesco\u00e7o e sangramento nasal. A irm\u00e3 da v\u00edtima ao perceber a situa\u00e7\u00e3o, questionou o autor &#8220;A.F.A.&#8221; e tamb\u00e9m acabou sofrendo amea\u00e7as e agress\u00f5es f\u00edsicas. As crian\u00e7as presentes na resid\u00eancia ficaram visivelmente abaladas diante da viol\u00eancia que presenciaram, gritando por socorro. Posteriormente, &#8220;A.F.A.&#8221;, deixou o local em uma bicicleta. <\/span><span data-ccp-props=\"{&quot;201341983&quot;:0,&quot;335551550&quot;:6,&quot;335551620&quot;:6,&quot;335559739&quot;:160,&quot;335559740&quot;:259}\">\u00a0<\/span><\/p>\n<p><span data-contrast=\"auto\">A v\u00edtima e sua irm\u00e3, ap\u00f3s a impossibilidade de contatar a pol\u00edcia devido aos telefones estarem danificados, buscaram ajuda na Delegacia de Pol\u00edcia de Costa Rica. Os policiais da Se\u00e7\u00e3o de Investiga\u00e7\u00f5es Gerais &#8211; SIG, que atuam junto \u00e0 Sala Lil\u00e1s, iniciaram a persegui\u00e7\u00e3o e tiveram \u00eaxito em localizar e capturar o autor, que foi autuado em flagrante delito pela Autoridade Policial.\u00a0<\/span><span data-ccp-props=\"{&quot;201341983&quot;:0,&quot;335551550&quot;:6,&quot;335551620&quot;:6,&quot;335559739&quot;:160,&quot;335559740&quot;:259}\">\u00a0<\/span><\/p>\n<p><span data-contrast=\"auto\">Al\u00e9m das acusa\u00e7\u00f5es de viol\u00eancia dom\u00e9stica, o autuado &#8220;A.F.A.&#8221; tinha mais dois mandados de pris\u00e3o em aberto que foram cumpridos pela Pol\u00edcia Civil. <\/span><span data-ccp-props=\"{&quot;201341983&quot;:0,&quot;335551550&quot;:6,&quot;335551620&quot;:6,&quot;335559739&quot;:160,&quot;335559740&quot;:259}\">\u00a0<\/span><\/p>\n<p><span data-contrast=\"auto\">Medidas protetivas est\u00e3o sendo adotadas para garantir a seguran\u00e7a das v\u00edtimas, e uma investiga\u00e7\u00e3o completa do caso est\u00e1 em andamento.<\/span><span data-ccp-props=\"{&quot;201341983&quot;:0,&quot;335551550&quot;:6,&quot;335551620&quot;:6,&quot;335559739&quot;:160,&quot;335559740&quot;:259}\">\u00a0<\/span><\/p>\n<p><span data-contrast=\"auto\">A Pol\u00edcia Civil de Costa Rica reafirma seu compromisso com o combate \u00e0 viol\u00eancia dom\u00e9stica e permanece \u00e0 disposi\u00e7\u00e3o para ajudar as mulheres v\u00edtimas de viol\u00eancia, que podem pedir ajuda a Pol\u00edcia Civil pelo Telefone\/WhatsApp (67) 3247 6500.<\/span><span data-ccp-props=\"{&quot;201341983&quot;:0,&quot;335551550&quot;:6,&quot;335551620&quot;:6,&quot;335559739&quot;:160,&quot;335559740&quot;:259}\">\u00a0<\/span><\/p>\n","protected":false},"excerpt":{"rendered":"<p>A Pol\u00edcia Civil de Costa Rica prendeu em flagrante nesta ter\u00e7a-feira (17), A.F.A. de 32 anos, por agredir a namorada e a cunhada, e durante checagem no sistema autor tinha em seu desfavor dois mandados de pris\u00e3o pelo mesmo crime.\u00a0 De acordo com informa\u00e7\u00f5es do Boletim de Ocorr\u00eancia, a Pol\u00edcia Civil agiu prontamente em resposta [&hellip;]<\/p>\n","protected":false},"author":5,"featured_media":251610,"comment_status":"closed","ping_status":"closed","sticky":false,"template":"","format":"standard","meta":{"footnotes":""},"categories":[25,38],"tags":[],"class_list":["post-254504","post","type-post","status-publish","format-standard","has-post-thumbnail","hentry","category-costa-rica","category-policia"],"_links":{"self":[{"href":"https:\/\/www.ocorreionews.com.br\/acervo-correio\/index.php?rest_route=\/wp\/v2\/posts\/254504","targetHints":{"allow":["GET"]}}],"collection":[{"href":"https:\/\/www.ocorreionews.com.br\/acervo-correio\/index.php?rest_route=\/wp\/v2\/posts"}],"about":[{"href":"https:\/\/www.ocorreionews.com.br\/acervo-correio\/index.php?rest_route=\/wp\/v2\/types\/post"}],"author":[{"embeddable":true,"href":"https:\/\/www.ocorreionews.com.br\/acervo-correio\/index.php?rest_route=\/wp\/v2\/users\/5"}],"replies":[{"embeddable":true,"href":"https:\/\/www.ocorreionews.com.br\/acervo-correio\/index.php?rest_route=%2Fwp%2Fv2%2Fcomments&post=254504"}],"version-history":[{"count":1,"href":"https:\/\/www.ocorreionews.com.br\/acervo-correio\/index.php?rest_route=\/wp\/v2\/posts\/254504\/revisions"}],"predecessor-version":[{"id":254505,"href":"https:\/\/www.ocorreionews.com.br\/acervo-correio\/index.php?rest_route=\/wp\/v2\/posts\/254504\/revisions\/254505"}],"wp:featuredmedia":[{"embeddable":true,"href":"https:\/\/www.ocorreionews.com.br\/acervo-correio\/index.php?rest_route=\/wp\/v2\/media\/251610"}],"wp:attachment":[{"href":"https:\/\/www.ocorreionews.com.br\/acervo-correio\/index.php?rest_route=%2Fwp%2Fv2%2Fmedia&parent=254504"}],"wp:term":[{"taxonomy":"category","embeddable":true,"href":"https:\/\/www.ocorreionews.com.br\/acervo-correio\/index.php?rest_route=%2Fwp%2Fv2%2Fcategories&post=254504"},{"taxonomy":"post_tag","embeddable":true,"href":"https:\/\/www.ocorreionews.com.br\/acervo-correio\/index.php?rest_route=%2Fwp%2Fv2%2Ftags&post=254504"}],"curies":[{"name":"wp","href":"https:\/\/api.w.org\/{rel}","templated":true}]}}