{"id":254506,"date":"2023-10-18T13:39:17","date_gmt":"2023-10-18T17:39:17","guid":{"rendered":"https:\/\/www.ocorreionews.com.br\/acervo-correio\/?p=254506"},"modified":"2023-10-18T13:39:17","modified_gmt":"2023-10-18T17:39:17","slug":"vendaval-no-distrito-de-bela-alvorada-causa-danos-em-escola-e-residencias","status":"publish","type":"post","link":"https:\/\/www.ocorreionews.com.br\/acervo-correio\/?p=254506","title":{"rendered":"Vendaval no distrito de Bela Alvorada causa danos em escola e resid\u00eancias"},"content":{"rendered":"<p>Moradores do distrito de Bela Alvorada, a 30 quil\u00f4metros da sede de Para\u00edso das \u00c1guas, se assustaram com o vendaval que passou pela localidade na tarde desta ter\u00e7a-feira (17).<\/p>\n<p>V\u00e1rias resid\u00eancias e at\u00e9 a Escola Municipal Kou Takahashi, \u00fanica do distrito, sofreu destelhamento e danos com o forte vento, acompanhado de chuva. .<\/p>\n<p>No momento da tempestade s\u00f3 estavam na escola alguns alunos que praticam aulas de dan\u00e7as. Na escola s\u00e3o 370 alunos matriculados e 70 servidores. N\u00e3o houve registro de ningu\u00e9m ferido.<\/p>\n<p>O diretor da Escola Municipal Kou Takahashi informou que os reparos j\u00e1 est\u00e3o sendo feitos no local.<\/p>\n<p>Uma manicure moradora do distrito publicou um v\u00eddeo nas redes sociais, relatando a situa\u00e7\u00e3o que ficou sua resid\u00eancia. A casa teve o telhado atingido pelo vento e parte da casa inundada com a chuva.<\/p>\n<p>&nbsp;<\/p>\n<p>&nbsp;<\/p>\n<p>*BNC Not\u00edcias<\/p>\n","protected":false},"excerpt":{"rendered":"<p>Moradores do distrito de Bela Alvorada, a 30 quil\u00f4metros da sede de Para\u00edso das \u00c1guas, se assustaram com o vendaval que passou pela localidade na tarde desta ter\u00e7a-feira (17). V\u00e1rias resid\u00eancias e at\u00e9 a Escola Municipal Kou Takahashi, \u00fanica do distrito, sofreu destelhamento e danos com o forte vento, acompanhado de chuva. . No momento [&hellip;]<\/p>\n","protected":false},"author":5,"featured_media":254507,"comment_status":"closed","ping_status":"closed","sticky":false,"template":"","format":"standard","meta":{"footnotes":""},"categories":[36],"tags":[],"class_list":["post-254506","post","type-post","status-publish","format-standard","has-post-thumbnail","hentry","category-paraiso-das-aguas"],"_links":{"self":[{"href":"https:\/\/www.ocorreionews.com.br\/acervo-correio\/index.php?rest_route=\/wp\/v2\/posts\/254506","targetHints":{"allow":["GET"]}}],"collection":[{"href":"https:\/\/www.ocorreionews.com.br\/acervo-correio\/index.php?rest_route=\/wp\/v2\/posts"}],"about":[{"href":"https:\/\/www.ocorreionews.com.br\/acervo-correio\/index.php?rest_route=\/wp\/v2\/types\/post"}],"author":[{"embeddable":true,"href":"https:\/\/www.ocorreionews.com.br\/acervo-correio\/index.php?rest_route=\/wp\/v2\/users\/5"}],"replies":[{"embeddable":true,"href":"https:\/\/www.ocorreionews.com.br\/acervo-correio\/index.php?rest_route=%2Fwp%2Fv2%2Fcomments&post=254506"}],"version-history":[{"count":1,"href":"https:\/\/www.ocorreionews.com.br\/acervo-correio\/index.php?rest_route=\/wp\/v2\/posts\/254506\/revisions"}],"predecessor-version":[{"id":254508,"href":"https:\/\/www.ocorreionews.com.br\/acervo-correio\/index.php?rest_route=\/wp\/v2\/posts\/254506\/revisions\/254508"}],"wp:featuredmedia":[{"embeddable":true,"href":"https:\/\/www.ocorreionews.com.br\/acervo-correio\/index.php?rest_route=\/wp\/v2\/media\/254507"}],"wp:attachment":[{"href":"https:\/\/www.ocorreionews.com.br\/acervo-correio\/index.php?rest_route=%2Fwp%2Fv2%2Fmedia&parent=254506"}],"wp:term":[{"taxonomy":"category","embeddable":true,"href":"https:\/\/www.ocorreionews.com.br\/acervo-correio\/index.php?rest_route=%2Fwp%2Fv2%2Fcategories&post=254506"},{"taxonomy":"post_tag","embeddable":true,"href":"https:\/\/www.ocorreionews.com.br\/acervo-correio\/index.php?rest_route=%2Fwp%2Fv2%2Ftags&post=254506"}],"curies":[{"name":"wp","href":"https:\/\/api.w.org\/{rel}","templated":true}]}}